{"id":6599,"date":"2024-01-19T15:30:55","date_gmt":"2024-01-19T15:30:55","guid":{"rendered":"https:\/\/mijnnieuwe.website\/fields\/promotie-andre-reitz-naar-investment-director\/"},"modified":"2025-11-07T16:51:22","modified_gmt":"2025-11-07T16:51:22","slug":"promotie-andre-reitz-naar-investment-director","status":"publish","type":"post","link":"https:\/\/www.fields.nl\/nl\/promotie-andre-reitz-naar-investment-director\/","title":{"rendered":"Promotie Andr\u00e9 Reitz naar Investment Director"},"content":{"rendered":"<p>FIELDS Group is verheugd de benoeming van Andr\u00e9 Reitz tot Investment Director aan te kondigen. De afgelopen periode heeft Andr\u00e9 in verschillende settings uitzonderlijk leiderschap getoond. Bij de FIELDS bedrijven KENT, amasol en meest recentelijk bij TTNL heeft hij teams aangestuurd naar duurzame waardecreatie. Andr\u00e9 wordt zeer gerespecteerd door de management teams en zijn directe collega&#8217;s. Bovendien is hij prettig om mee te werken.<\/p>\n","protected":false},"excerpt":{"rendered":"<p>FIELDS Group is verheugd de benoeming van Andr\u00e9 Reitz tot Investment Director aan te kondigen. De afgelopen periode heeft Andr\u00e9 in verschillende settings uitzonderlijk leiderschap getoond. Bij de FIELDS bedrijven KENT, amasol en meest recentelijk bij TTNL heeft hij teams aangestuurd naar duurzame waardecreatie. Andr\u00e9 wordt zeer gerespecteerd door de management teams en zijn directe [&hellip;]<\/p>\n","protected":false},"author":1,"featured_media":6600,"comment_status":"open","ping_status":"open","sticky":false,"template":"","format":"standard","meta":{"_acf_changed":false,"footnotes":""},"categories":[47],"tags":[],"class_list":["post-6599","post","type-post","status-publish","format-standard","has-post-thumbnail","hentry","category-team-updates"],"acf":[],"yoast_head":"<!-- This site is optimized with the Yoast SEO plugin v26.3 - https:\/\/yoast.com\/wordpress\/plugins\/seo\/ -->\n<title>Promotie Andr\u00e9 Reitz naar Investment Director - FIELDS Group<\/title>\n<meta name=\"robots\" content=\"index, follow, max-snippet:-1, max-image-preview:large, max-video-preview:-1\" \/>\n<link rel=\"canonical\" href=\"https:\/\/www.fields.nl\/nl\/promotie-andre-reitz-naar-investment-director\/\" \/>\n<meta property=\"og:locale\" content=\"nl_NL\" \/>\n<meta property=\"og:type\" content=\"article\" \/>\n<meta property=\"og:title\" content=\"Promotie Andr\u00e9 Reitz naar Investment Director - FIELDS Group\" \/>\n<meta property=\"og:description\" content=\"FIELDS Group is verheugd de benoeming van Andr\u00e9 Reitz tot Investment Director aan te kondigen. De afgelopen periode heeft Andr\u00e9 in verschillende settings uitzonderlijk leiderschap getoond. Bij de FIELDS bedrijven KENT, amasol en meest recentelijk bij TTNL heeft hij teams aangestuurd naar duurzame waardecreatie. Andr\u00e9 wordt zeer gerespecteerd door de management teams en zijn directe [&hellip;]\" \/>\n<meta property=\"og:url\" content=\"https:\/\/www.fields.nl\/nl\/promotie-andre-reitz-naar-investment-director\/\" \/>\n<meta property=\"og:site_name\" content=\"FIELDS Group\" \/>\n<meta property=\"article:published_time\" content=\"2024-01-19T15:30:55+00:00\" \/>\n<meta property=\"article:modified_time\" content=\"2025-11-07T16:51:22+00:00\" \/>\n<meta property=\"og:image\" content=\"https:\/\/mijnnieuwe.website\/fields\/wp-content\/uploads\/2025\/10\/Andre-1.jpg\" \/>\n\t<meta property=\"og:image:width\" content=\"500\" \/>\n\t<meta property=\"og:image:height\" content=\"500\" \/>\n\t<meta property=\"og:image:type\" content=\"image\/jpeg\" \/>\n<meta name=\"author\" content=\"f-admin\" \/>\n<meta name=\"twitter:card\" content=\"summary_large_image\" \/>\n<meta name=\"twitter:label1\" content=\"Geschreven door\" \/>\n\t<meta name=\"twitter:data1\" content=\"f-admin\" \/>\n\t<meta name=\"twitter:label2\" content=\"Geschatte leestijd\" \/>\n\t<meta name=\"twitter:data2\" content=\"1 minuut\" \/>\n<script type=\"application\/ld+json\" class=\"yoast-schema-graph\">{\"@context\":\"https:\/\/schema.org\",\"@graph\":[{\"@type\":\"WebPage\",\"@id\":\"https:\/\/www.fields.nl\/nl\/promotie-andre-reitz-naar-investment-director\/\",\"url\":\"https:\/\/www.fields.nl\/nl\/promotie-andre-reitz-naar-investment-director\/\",\"name\":\"Promotie Andr\u00e9 Reitz naar Investment Director - FIELDS Group\",\"isPartOf\":{\"@id\":\"http:\/\/fields.test\/#website\"},\"primaryImageOfPage\":{\"@id\":\"https:\/\/www.fields.nl\/nl\/promotie-andre-reitz-naar-investment-director\/#primaryimage\"},\"image\":{\"@id\":\"https:\/\/www.fields.nl\/nl\/promotie-andre-reitz-naar-investment-director\/#primaryimage\"},\"thumbnailUrl\":\"https:\/\/www.fields.nl\/wp-content\/uploads\/2025\/10\/Andre-1.jpg\",\"datePublished\":\"2024-01-19T15:30:55+00:00\",\"dateModified\":\"2025-11-07T16:51:22+00:00\",\"author\":{\"@id\":\"http:\/\/fields.test\/#\/schema\/person\/a898f74ceb741c0a4fdf1b6d427f71b7\"},\"breadcrumb\":{\"@id\":\"https:\/\/www.fields.nl\/nl\/promotie-andre-reitz-naar-investment-director\/#breadcrumb\"},\"inLanguage\":\"nl-NL\",\"potentialAction\":[{\"@type\":\"ReadAction\",\"target\":[\"https:\/\/www.fields.nl\/nl\/promotie-andre-reitz-naar-investment-director\/\"]}]},{\"@type\":\"ImageObject\",\"inLanguage\":\"nl-NL\",\"@id\":\"https:\/\/www.fields.nl\/nl\/promotie-andre-reitz-naar-investment-director\/#primaryimage\",\"url\":\"https:\/\/www.fields.nl\/wp-content\/uploads\/2025\/10\/Andre-1.jpg\",\"contentUrl\":\"https:\/\/www.fields.nl\/wp-content\/uploads\/2025\/10\/Andre-1.jpg\",\"width\":500,\"height\":500},{\"@type\":\"BreadcrumbList\",\"@id\":\"https:\/\/www.fields.nl\/nl\/promotie-andre-reitz-naar-investment-director\/#breadcrumb\",\"itemListElement\":[{\"@type\":\"ListItem\",\"position\":1,\"name\":\"Home\",\"item\":\"https:\/\/www.fields.nl\/nl\/\"},{\"@type\":\"ListItem\",\"position\":2,\"name\":\"Promotie Andr\u00e9 Reitz naar Investment Director\"}]},{\"@type\":\"WebSite\",\"@id\":\"http:\/\/fields.test\/#website\",\"url\":\"http:\/\/fields.test\/\",\"name\":\"FIELDS Group\",\"description\":\"\",\"potentialAction\":[{\"@type\":\"SearchAction\",\"target\":{\"@type\":\"EntryPoint\",\"urlTemplate\":\"http:\/\/fields.test\/?s={search_term_string}\"},\"query-input\":{\"@type\":\"PropertyValueSpecification\",\"valueRequired\":true,\"valueName\":\"search_term_string\"}}],\"inLanguage\":\"nl-NL\"},{\"@type\":\"Person\",\"@id\":\"http:\/\/fields.test\/#\/schema\/person\/a898f74ceb741c0a4fdf1b6d427f71b7\",\"name\":\"f-admin\",\"image\":{\"@type\":\"ImageObject\",\"inLanguage\":\"nl-NL\",\"@id\":\"http:\/\/fields.test\/#\/schema\/person\/image\/\",\"url\":\"https:\/\/secure.gravatar.com\/avatar\/1a92747e3c960f3a559535423668659ae491ae550cc09feb28b5cb40ed0265f8?s=96&d=mm&r=g\",\"contentUrl\":\"https:\/\/secure.gravatar.com\/avatar\/1a92747e3c960f3a559535423668659ae491ae550cc09feb28b5cb40ed0265f8?s=96&d=mm&r=g\",\"caption\":\"f-admin\"},\"sameAs\":[\"https:\/\/www.fields.nl\"],\"url\":\"https:\/\/www.fields.nl\/nl\/author\/f-admin\/\"}]}<\/script>\n<!-- \/ Yoast SEO plugin. -->","yoast_head_json":{"title":"Promotie Andr\u00e9 Reitz naar Investment Director - FIELDS Group","robots":{"index":"index","follow":"follow","max-snippet":"max-snippet:-1","max-image-preview":"max-image-preview:large","max-video-preview":"max-video-preview:-1"},"canonical":"https:\/\/www.fields.nl\/nl\/promotie-andre-reitz-naar-investment-director\/","og_locale":"nl_NL","og_type":"article","og_title":"Promotie Andr\u00e9 Reitz naar Investment Director - FIELDS Group","og_description":"FIELDS Group is verheugd de benoeming van Andr\u00e9 Reitz tot Investment Director aan te kondigen. De afgelopen periode heeft Andr\u00e9 in verschillende settings uitzonderlijk leiderschap getoond. Bij de FIELDS bedrijven KENT, amasol en meest recentelijk bij TTNL heeft hij teams aangestuurd naar duurzame waardecreatie. Andr\u00e9 wordt zeer gerespecteerd door de management teams en zijn directe [&hellip;]","og_url":"https:\/\/www.fields.nl\/nl\/promotie-andre-reitz-naar-investment-director\/","og_site_name":"FIELDS Group","article_published_time":"2024-01-19T15:30:55+00:00","article_modified_time":"2025-11-07T16:51:22+00:00","og_image":[{"width":500,"height":500,"url":"https:\/\/mijnnieuwe.website\/fields\/wp-content\/uploads\/2025\/10\/Andre-1.jpg","type":"image\/jpeg"}],"author":"f-admin","twitter_card":"summary_large_image","twitter_misc":{"Geschreven door":"f-admin","Geschatte leestijd":"1 minuut"},"schema":{"@context":"https:\/\/schema.org","@graph":[{"@type":"WebPage","@id":"https:\/\/www.fields.nl\/nl\/promotie-andre-reitz-naar-investment-director\/","url":"https:\/\/www.fields.nl\/nl\/promotie-andre-reitz-naar-investment-director\/","name":"Promotie Andr\u00e9 Reitz naar Investment Director - FIELDS Group","isPartOf":{"@id":"http:\/\/fields.test\/#website"},"primaryImageOfPage":{"@id":"https:\/\/www.fields.nl\/nl\/promotie-andre-reitz-naar-investment-director\/#primaryimage"},"image":{"@id":"https:\/\/www.fields.nl\/nl\/promotie-andre-reitz-naar-investment-director\/#primaryimage"},"thumbnailUrl":"https:\/\/www.fields.nl\/wp-content\/uploads\/2025\/10\/Andre-1.jpg","datePublished":"2024-01-19T15:30:55+00:00","dateModified":"2025-11-07T16:51:22+00:00","author":{"@id":"http:\/\/fields.test\/#\/schema\/person\/a898f74ceb741c0a4fdf1b6d427f71b7"},"breadcrumb":{"@id":"https:\/\/www.fields.nl\/nl\/promotie-andre-reitz-naar-investment-director\/#breadcrumb"},"inLanguage":"nl-NL","potentialAction":[{"@type":"ReadAction","target":["https:\/\/www.fields.nl\/nl\/promotie-andre-reitz-naar-investment-director\/"]}]},{"@type":"ImageObject","inLanguage":"nl-NL","@id":"https:\/\/www.fields.nl\/nl\/promotie-andre-reitz-naar-investment-director\/#primaryimage","url":"https:\/\/www.fields.nl\/wp-content\/uploads\/2025\/10\/Andre-1.jpg","contentUrl":"https:\/\/www.fields.nl\/wp-content\/uploads\/2025\/10\/Andre-1.jpg","width":500,"height":500},{"@type":"BreadcrumbList","@id":"https:\/\/www.fields.nl\/nl\/promotie-andre-reitz-naar-investment-director\/#breadcrumb","itemListElement":[{"@type":"ListItem","position":1,"name":"Home","item":"https:\/\/www.fields.nl\/nl\/"},{"@type":"ListItem","position":2,"name":"Promotie Andr\u00e9 Reitz naar Investment Director"}]},{"@type":"WebSite","@id":"http:\/\/fields.test\/#website","url":"http:\/\/fields.test\/","name":"FIELDS Group","description":"","potentialAction":[{"@type":"SearchAction","target":{"@type":"EntryPoint","urlTemplate":"http:\/\/fields.test\/?s={search_term_string}"},"query-input":{"@type":"PropertyValueSpecification","valueRequired":true,"valueName":"search_term_string"}}],"inLanguage":"nl-NL"},{"@type":"Person","@id":"http:\/\/fields.test\/#\/schema\/person\/a898f74ceb741c0a4fdf1b6d427f71b7","name":"f-admin","image":{"@type":"ImageObject","inLanguage":"nl-NL","@id":"http:\/\/fields.test\/#\/schema\/person\/image\/","url":"https:\/\/secure.gravatar.com\/avatar\/1a92747e3c960f3a559535423668659ae491ae550cc09feb28b5cb40ed0265f8?s=96&d=mm&r=g","contentUrl":"https:\/\/secure.gravatar.com\/avatar\/1a92747e3c960f3a559535423668659ae491ae550cc09feb28b5cb40ed0265f8?s=96&d=mm&r=g","caption":"f-admin"},"sameAs":["https:\/\/www.fields.nl"],"url":"https:\/\/www.fields.nl\/nl\/author\/f-admin\/"}]}},"_links":{"self":[{"href":"https:\/\/www.fields.nl\/nl\/wp-json\/wp\/v2\/posts\/6599","targetHints":{"allow":["GET"]}}],"collection":[{"href":"https:\/\/www.fields.nl\/nl\/wp-json\/wp\/v2\/posts"}],"about":[{"href":"https:\/\/www.fields.nl\/nl\/wp-json\/wp\/v2\/types\/post"}],"author":[{"embeddable":true,"href":"https:\/\/www.fields.nl\/nl\/wp-json\/wp\/v2\/users\/1"}],"replies":[{"embeddable":true,"href":"https:\/\/www.fields.nl\/nl\/wp-json\/wp\/v2\/comments?post=6599"}],"version-history":[{"count":1,"href":"https:\/\/www.fields.nl\/nl\/wp-json\/wp\/v2\/posts\/6599\/revisions"}],"predecessor-version":[{"id":7791,"href":"https:\/\/www.fields.nl\/nl\/wp-json\/wp\/v2\/posts\/6599\/revisions\/7791"}],"wp:featuredmedia":[{"embeddable":true,"href":"https:\/\/www.fields.nl\/nl\/wp-json\/wp\/v2\/media\/6600"}],"wp:attachment":[{"href":"https:\/\/www.fields.nl\/nl\/wp-json\/wp\/v2\/media?parent=6599"}],"wp:term":[{"taxonomy":"category","embeddable":true,"href":"https:\/\/www.fields.nl\/nl\/wp-json\/wp\/v2\/categories?post=6599"},{"taxonomy":"post_tag","embeddable":true,"href":"https:\/\/www.fields.nl\/nl\/wp-json\/wp\/v2\/tags?post=6599"}],"curies":[{"name":"wp","href":"https:\/\/api.w.org\/{rel}","templated":true}]}}