{"id":6399,"date":"2020-04-30T09:50:37","date_gmt":"2020-04-30T09:50:37","guid":{"rendered":"https:\/\/mijnnieuwe.website\/fields\/ma-in-onzekere-tijden\/"},"modified":"2025-11-14T10:11:17","modified_gmt":"2025-11-14T10:11:17","slug":"ma-in-onzekere-tijden","status":"publish","type":"post","link":"https:\/\/www.fields.nl\/nl\/ma-in-onzekere-tijden\/","title":{"rendered":"M&#038;A in onzekere tijden"},"content":{"rendered":"<h4>Lars Werner en Philipp Goller van Concentro Management AG hebben Ren\u00e9 van der Velden van FIELDS Group voor een gesprek uitgenodigd, om het perspectief van een ervaren investeerder in onzekere tijden beter te begrijpen (artikel in het Duits).<\/h4>\n<p>Der deutsche M&amp;A-Markt hat sich nach Daten von <em>mergermarket<\/em> nach zwei Rekordjahren hintereinander im Jahr 2019 mit 939 Unternehmenstransaktionen auf ein \u201eNormalniveau\u201c eingependelt. Die aktuelle Unsicherheit wird das M&amp;A-Gesch\u00e4ft kurz- bis mittelfristig beeinflussen. Die Unsicherheit ist allerdings f\u00fcr alle Parteien gleich und wir sind der Ansicht, dass diejenigen gest\u00e4rkt aus der Krise hervorgehen, die in der Lage sind mit der Unsicherheit umzugehen und die sich dabei bietenden Chancen sehen, bewerten und ergreifen k\u00f6nnen.<\/p>\n<p>Fragen, die man sich aktuell stellen kann, sind z.B.<\/p>\n<ul>\n<li>\u201aWerden die Investoren sich nur auf ihre Beteiligungen fokussieren (\u201edefensives Spiel\u201c) oder werden sie neue Chancen ergreifen (\u201eoffensives Spiel\u201c)?\u2018<\/li>\n<li>\u201aWie gehen die Investoren, die eine offensive Strategie verfolgen, mit der aktuellen Situation um?\u2018<\/li>\n<li>\u201aWas k\u00f6nnen wir von diesen Investoren erwarten?\u2018<\/li>\n<li>Und ein ganz wichtiger Punkt \u201a\u2018Was k\u00f6nnen wir gemeinsam aus der Krise und der Vorgehensweise einzelner Investoren lernen\u2018?<\/li>\n<\/ul>\n<p>Lars Werner (Partner) und Philipp Goller (Project Manager) von der Concentro Management AG haben Herrn Ren\u00e9 van der Velden, Gesch\u00e4ftsf\u00fchrer der FIELDS Group, f\u00fcr ein Gespr\u00e4ch eingeladen, um die Perspektive eines erfahrenen Investors in unsicheren Zeiten besser zu verstehen:<\/p>\n<p><strong>Concentro: Herr van der Velden, wie stark sind die Auswirkungen der aktuellen Unsicherheiten auf Ihre Beteiligungen? <\/strong><\/p>\n<p style=\"padding-left: 30px;\"><strong>Herr van der Velden:<\/strong> Normalerweise schauen wir in einer Krise vor allem auf die Marktentwicklungen auf der Nachfrageseite. Dieses Mal war es jedoch relativ schnell klar, dass man als Unternehmer gro\u00dfen Risiken sowohl auf der Nachfrageseite, aber auch auf der Angebotsseite ausgesetzt ist. Das Ausma\u00df dieser Risiken ist bei unseren Firmen in Deutschland sehr unterschiedlich. Zum Beispiel bei unserem Forschungsunternehmen mit Endm\u00e4rkten Pharma und Medizintechnik ist die Nachfrage nach wie vor hoch. Auf der Angebotsseite gab es jedoch teilweise einen Mangel und leichten Engpass an Verbrauchsmaterial. Die Lage hat sich jetzt wieder entspannt.<\/p>\n<p style=\"padding-left: 30px;\">Bei unserem Verpackungsunternehmen mit den Endm\u00e4rkten Lebensmittelproduktion und Feinchemie waren wir zuerst verunsichert, aber nun stellen wir fest, dass die Volumen sogar \u00fcber dem Vorjahr liegen. Einen Mangel an notwendigem Material sowie Roh- und Einsatzstoffen gab es hier nicht.<\/p>\n<p><strong>Welche operativen Ma\u00dfnahmen haben Sie kurzfristig zur Stabilisierung Ihrer Beteiligungen ergriffen?<\/strong><\/p>\n<p style=\"padding-left: 30px;\">Bei allen Firmen haben wir sehr kurzfristig umfangreiche operative Ma\u00dfnahmen durchf\u00fchren m\u00fcssen, um die Dienstleistungen und Lieferungen weiter garantieren zu k\u00f6nnen. Wir haben bereits direkt im Februar die Organisationen, inkl. Fertigung, in verschiedene Teams aufgeteilt und sichergestellt, dass diese keinen Kontakt mehr zueinander haben. Beispielsweise haben wir bei unserem Forschungsunternehmen einen Mehrschichtbetrieb eingef\u00fchrt, damit die Anzahl an Kontakten pro Mitarbeiter reduziert wird. Das hat zwar anf\u00e4nglich zu einigen Komplikationen in der internen Organisationsplanung gef\u00fchrt, aber nun l\u00e4uft das System ausgezeichnet, sodass wir gut ger\u00fcstet f\u00fcr die kommenden Monate sind.<\/p>\n<p style=\"padding-left: 30px;\">Zuletzt sind wir als hands-on Investor schon seit \u00fcber 10 Jahren gewohnt immer aktuelle Liquidit\u00e4tsplanungen f\u00fcr alle Firmen vorzuhalten. Die bereits genannten Angebots- und Nachfragerisiken konnten wir dadurch dann direkt finanziell bewerten.<\/p>\n<p style=\"padding-left: 30px;\">Kunden sch\u00e4tzen, dass wir durch die eingef\u00fchrten Ma\u00dfnahmen sehr zuverl\u00e4ssig weiter produzieren und liefern k\u00f6nnen.<\/p>\n<p><strong>Wie gehen Sie grunds\u00e4tzlich mit gro\u00dfer Unsicherheit um?<\/strong><\/p>\n<p style=\"padding-left: 30px;\">Unsicherheit l\u00e4sst sich generell nicht ausschlie\u00dfen, man kann nur versuchen, Ma\u00dfnahmen zu ergreifen, um die Unsicherheit bestm\u00f6glich zu kontrollieren. Ich bin deshalb der Meinung, dass Unsicherheit im Gesch\u00e4ft schon immer da war und stetig w\u00e4chst. Insbesondere neue Technologien, rasch \u00e4nderndes Kundenverhalten und offene Grenzen sind hierf\u00fcr ma\u00dfgebende Treiber. Die aktuelle Krise wird nun die eine oder andere Entwicklung beschleunigen. Solange wir Alternativen haben, kommen wir als Investor mit Unsicherheiten gut klar.<\/p>\n<p><strong>Was meinen Sie mit Alternativen?<\/strong><\/p>\n<p style=\"padding-left: 30px;\">Mit Alternativen meine ich, dass egal in welcher Situation wir uns befinden, wir alternative Pl\u00e4ne, alternative Kunden, alternative Lieferanten und alternative Transaktionen brauchen. Mit Alternativen kann man jede Unsicherheit bew\u00e4ltigen.<\/p>\n<p style=\"padding-left: 30px;\">Wir bringen den Gesch\u00e4ftsf\u00fchrern unserer Beteiligungen bei, immer in Szenarien zu denken. Als wir im Februar die Szenarien gemeinsam erarbeitet haben, wurde die Unsicherheit nicht kleiner, aber wir wussten genau wie und wann mit der Unsicherheit umzugehen ist. Aktuell haben wir alles unter Kontrolle. Das sorgt f\u00fcr sehr viel Ruhe im Kopf.<\/p>\n<p><strong>Wie sieht es aktuell aus? Verfolgen Sie aktuell eher eine \u201a<em>offensive<\/em>\u2018 (offen f\u00fcr Neuinvestitionen) oder \u201a<em>defensive<\/em>\u2018 (Fokus auf Portfolioarbeit) Strategie? <\/strong><\/p>\n<p style=\"padding-left: 30px;\">Die eindeutige Antwort ist, dass wir offensiv eingestellt sind und sowohl <em>Add-ons<\/em> als auch neue Plattforminvestitionen suchen. Wir glauben, dass man gerade jetzt die bestehenden Marktpositionen der eigenen Firmen durch gezielte Zuk\u00e4ufe weiter ausbauen kann.<\/p>\n<p style=\"padding-left: 30px;\">Bei neuen \u00dcbernahmen erwarten wir eine Zunahme der <em>Carve-outs<\/em> von Konzernen und mittelst\u00e4ndischen Unternehmensgruppen. Wir sehen, dass die bereits eingesetzten Prozesse aus 2019 nun trotz der Krise zu Ende gebracht werden. Hier gilt nat\u00fcrlich, dass man als Investor operative Erfahrung und einen <em>Track Record<\/em> bei <em>Carve-outs<\/em> vorweisen muss. Zweitens werden wir uns bei den vielen Restrukturierungsprojekten, die es in einigen Monate geben wird, engagieren. Zuletzt sind f\u00fcr uns Unternehmen interessant, die w\u00e4hrend der aktuellen Krise nahezu unbeeinflusst weiterlaufen, aber vielleicht vor operativen- oder anderen Managementherausforderungen stehen.<\/p>\n<p><strong>In den letzten Jahren sind die Bewertungsmultiples stetig gestiegen. Welchen Einfluss hat die jetzige Unsicherheit auf die Unternehmensbewertungen?<\/strong><\/p>\n<p style=\"padding-left: 30px;\">Es stimmt, dass die Multiples die manche K\u00e4ufer bereit waren aufzurufen sehr hoch waren, man kann an der ein oder anderen Stelle auch sagen, dass die Multiples komplett verr\u00fcckt waren. Schon eine l\u00e4ngere Zeit habe ich mich gefragt, wie sich das weiterentwickelt und ab wann es zu Problemen kommen wird. Die M\u00f6glichkeit g\u00fcnstiger Bankfinanzierungen hat sicherlich auch dazu beigetragen. Die Banken werden sich in n\u00e4chster Zeit jedoch leider mit <em>non-performing Loans<\/em> besch\u00e4ftigen m\u00fcssen. Dadurch wird weniger Geld f\u00fcr neue \u00dcbernahmefinanzierungen verf\u00fcgbar sein. Das wird die Multiples dr\u00fccken.<\/p>\n<p style=\"padding-left: 30px;\">Bei erfolgreichen Transaktionen in unsicheren Zeiten z\u00e4hlt weit mehr als nur der Preis. Es geht darum, dass man dem Verk\u00e4ufer vorweisen kann, dass man die notwendige operative Erfahrung mitbringt und die Ausdauer hat, die Transaktion bis zum Closing durchzuhalten. Das Unternehmerische wird gefragt.<\/p>\n<p style=\"padding-left: 30px;\">Wer jetzt Verk\u00e4ufern durchgehend Transaktionssicherheit und Verl\u00e4sslichkeit bieten kann, erarbeitet sich somit einen Wettbewerbsvorteil.<\/p>\n<p><strong>Wie werden sich die Finanzierungstrukturen bei M&amp;A in unsicheren Zeiten ver\u00e4ndern?<\/strong><\/p>\n<p style=\"padding-left: 30px;\">Wir sehen bereits jetzt, dass die Banken bei der Finanzierung oft keine oder nur eine untergeordnete Rolle spielen. Um trotzdem eine erfolgreiche (f\u00fcr K\u00e4ufer und Verk\u00e4ufer) Transaktion realisieren zu k\u00f6nnen, ist ein h\u00f6herer Anteil an Eigenkapital und ein h\u00f6herer Anteil an variablen Kaufpreispr\u00e4mien und Verk\u00e4uferdarlehen oft notwendig.<\/p>\n<p><strong>Was sind Ihre weiteren Erwartungen f\u00fcr die Zukunft des M&amp;A-Markts? <\/strong><\/p>\n<p style=\"padding-left: 30px;\">Eine weitere Rezession ist zu erwarten. Alle hoffen auf eine V-Kurve. Wir rechnen allerdings mit einer U-Kurve. Der Unterschied zwischen den Gewinnern und dem Rest wird dadurch mit hohem Tempo weiter zunehmen. Dies ist auch davon abh\u00e4ngig, wie lange die Dauer der Talsohle ist und wie stark die schwerwiegenden Folgen sein werden.<\/p>\n<p><strong>Mit dem Ausbruch der Wirtschafts- und Finanzkrise ab Mitte 2008 brach der M&amp;A-Markt in Deutschland ein. Trotz wirtschaftlicher Erholung setzte sich die Phase der Kaufzur\u00fcckhaltung under der R\u00fcckgang der Transaktionszahlen noch bis 2011 fort. Eine merkliche Entspannung und die Kehrtwende am M&amp;A-Markt zeigte sich nachhaltig erst ab dem Jahr 2012. In der aktuell akuten Phase mit hohen Unsicherheiten werden sich K\u00e4ufer zun\u00e4chst zur\u00fcckhalten und die weiteren Marktentwicklungen abwarten. Wie ist Ihre Einsch\u00e4tzung, ab wann die Anzahl der Transaktionen wieder langsam anziehen wird?<\/strong><\/p>\n<p style=\"padding-left: 30px;\">Viele Unternehmen werden sich in diesem Jahr vorrangig mit sich selbst besch\u00e4ftigen. Ich bin der festen \u00dcberzeugung, dass Strategen mehrheitlich als potenzielle K\u00e4ufer nicht in Erscheinung treten werden. Einen Anstieg von Transaktionen die weder <em>Carve-outs<\/em> noch Restrukturierungen sind, erwarte ich erst wieder zum Jahresende 2021. Bis dahin gibt es allerdings f\u00fcr Unternehmer, aber vor allem f\u00fcr erfahrene und spezialisierte Investoren viele Chancen im operativen M&amp;A-Markt.<\/p>\n<p><strong>Herr van der Velden, vielen Dank f\u00fcr das Gespr\u00e4ch.<\/strong><\/p>\n<p>&nbsp;<\/p>\n<h5><a href=\"https:\/\/www.concentro.de\/site\/assets\/files\/1659\/concentro_standpunkte_m_and_a_in_unsicheren_zeiten_interview-fields_group.pdf\" target=\"_blank\" rel=\"noopener\"><span style=\"text-decoration: underline;\">Artikel downloaden (Concentro Website)<\/span><\/a><\/h5>\n<p>&nbsp;<\/p>\n<h5>\u00dcber Concentro Management AG<\/h5>\n<p>Die Concentro Management AG ist eine mittelstandsorientierte Beratungsgesellschaft mit den Schwerpunkten Transparenz (Unternehmensentwicklung), Transaktion (Corporate Finance \/M&amp;A-Beratung) und Turnaround (Restrukturierung). Mit \u00fcber 30 Mitarbeitern an vier Standorten in Deutschland arbeitet Concentro umsetzungs- und erfolgsorientiert. Ziel ist es, durch eine individuelle Beratungsleistung Mehrwert f\u00fcr den Kunden zu generieren. | <a href=\"http:\/\/www.concentro.de\">www.concentro.de<\/a><\/p>\n","protected":false},"excerpt":{"rendered":"<p>Lars Werner en Philipp Goller van Concentro Management AG hebben Ren\u00e9 van der Velden van FIELDS Group voor een gesprek uitgenodigd, om het perspectief van een ervaren investeerder in onzekere tijden beter te begrijpen (artikel in het Duits). Der deutsche M&amp;A-Markt hat sich nach Daten von mergermarket nach zwei Rekordjahren hintereinander im Jahr 2019 mit [&hellip;]<\/p>\n","protected":false},"author":1,"featured_media":3842,"comment_status":"open","ping_status":"open","sticky":false,"template":"","format":"standard","meta":{"_acf_changed":false,"footnotes":""},"categories":[48],"tags":[],"class_list":["post-6399","post","type-post","status-publish","format-standard","has-post-thumbnail","hentry","category-deal-nieuws"],"acf":[],"yoast_head":"<!-- This site is optimized with the Yoast SEO plugin v26.3 - https:\/\/yoast.com\/wordpress\/plugins\/seo\/ -->\n<title>M&amp;A in onzekere tijden - FIELDS Group<\/title>\n<meta name=\"robots\" content=\"index, follow, max-snippet:-1, max-image-preview:large, max-video-preview:-1\" \/>\n<link rel=\"canonical\" href=\"https:\/\/www.fields.nl\/nl\/ma-in-onzekere-tijden\/\" \/>\n<meta property=\"og:locale\" content=\"nl_NL\" \/>\n<meta property=\"og:type\" content=\"article\" \/>\n<meta property=\"og:title\" content=\"M&amp;A in onzekere tijden - FIELDS Group\" \/>\n<meta property=\"og:description\" content=\"Lars Werner en Philipp Goller van Concentro Management AG hebben Ren\u00e9 van der Velden van FIELDS Group voor een gesprek uitgenodigd, om het perspectief van een ervaren investeerder in onzekere tijden beter te begrijpen (artikel in het Duits). Der deutsche M&amp;A-Markt hat sich nach Daten von mergermarket nach zwei Rekordjahren hintereinander im Jahr 2019 mit [&hellip;]\" \/>\n<meta property=\"og:url\" content=\"https:\/\/www.fields.nl\/nl\/ma-in-onzekere-tijden\/\" \/>\n<meta property=\"og:site_name\" content=\"FIELDS Group\" \/>\n<meta property=\"article:published_time\" content=\"2020-04-30T09:50:37+00:00\" \/>\n<meta property=\"article:modified_time\" content=\"2025-11-14T10:11:17+00:00\" \/>\n<meta property=\"og:image\" content=\"https:\/\/mijnnieuwe.website\/fields\/wp-content\/uploads\/2025\/10\/MA-in-unsicheren-Zeiten-3.jpg\" \/>\n\t<meta property=\"og:image:width\" content=\"1000\" \/>\n\t<meta property=\"og:image:height\" content=\"667\" \/>\n\t<meta property=\"og:image:type\" content=\"image\/jpeg\" \/>\n<meta name=\"author\" content=\"f-admin\" \/>\n<meta name=\"twitter:card\" content=\"summary_large_image\" \/>\n<meta name=\"twitter:label1\" content=\"Geschreven door\" \/>\n\t<meta name=\"twitter:data1\" content=\"f-admin\" \/>\n\t<meta name=\"twitter:label2\" content=\"Geschatte leestijd\" \/>\n\t<meta name=\"twitter:data2\" content=\"6 minuten\" \/>\n<script type=\"application\/ld+json\" class=\"yoast-schema-graph\">{\"@context\":\"https:\/\/schema.org\",\"@graph\":[{\"@type\":\"WebPage\",\"@id\":\"https:\/\/www.fields.nl\/nl\/ma-in-onzekere-tijden\/\",\"url\":\"https:\/\/www.fields.nl\/nl\/ma-in-onzekere-tijden\/\",\"name\":\"M&A in onzekere tijden - FIELDS Group\",\"isPartOf\":{\"@id\":\"http:\/\/fields.test\/#website\"},\"primaryImageOfPage\":{\"@id\":\"https:\/\/www.fields.nl\/nl\/ma-in-onzekere-tijden\/#primaryimage\"},\"image\":{\"@id\":\"https:\/\/www.fields.nl\/nl\/ma-in-onzekere-tijden\/#primaryimage\"},\"thumbnailUrl\":\"https:\/\/www.fields.nl\/wp-content\/uploads\/2025\/10\/MA-in-unsicheren-Zeiten-3.jpg\",\"datePublished\":\"2020-04-30T09:50:37+00:00\",\"dateModified\":\"2025-11-14T10:11:17+00:00\",\"author\":{\"@id\":\"http:\/\/fields.test\/#\/schema\/person\/a898f74ceb741c0a4fdf1b6d427f71b7\"},\"breadcrumb\":{\"@id\":\"https:\/\/www.fields.nl\/nl\/ma-in-onzekere-tijden\/#breadcrumb\"},\"inLanguage\":\"nl-NL\",\"potentialAction\":[{\"@type\":\"ReadAction\",\"target\":[\"https:\/\/www.fields.nl\/nl\/ma-in-onzekere-tijden\/\"]}]},{\"@type\":\"ImageObject\",\"inLanguage\":\"nl-NL\",\"@id\":\"https:\/\/www.fields.nl\/nl\/ma-in-onzekere-tijden\/#primaryimage\",\"url\":\"https:\/\/www.fields.nl\/wp-content\/uploads\/2025\/10\/MA-in-unsicheren-Zeiten-3.jpg\",\"contentUrl\":\"https:\/\/www.fields.nl\/wp-content\/uploads\/2025\/10\/MA-in-unsicheren-Zeiten-3.jpg\",\"width\":1000,\"height\":667},{\"@type\":\"BreadcrumbList\",\"@id\":\"https:\/\/www.fields.nl\/nl\/ma-in-onzekere-tijden\/#breadcrumb\",\"itemListElement\":[{\"@type\":\"ListItem\",\"position\":1,\"name\":\"Home\",\"item\":\"https:\/\/www.fields.nl\/nl\/\"},{\"@type\":\"ListItem\",\"position\":2,\"name\":\"M&#038;A in onzekere tijden\"}]},{\"@type\":\"WebSite\",\"@id\":\"http:\/\/fields.test\/#website\",\"url\":\"http:\/\/fields.test\/\",\"name\":\"FIELDS Group\",\"description\":\"\",\"potentialAction\":[{\"@type\":\"SearchAction\",\"target\":{\"@type\":\"EntryPoint\",\"urlTemplate\":\"http:\/\/fields.test\/?s={search_term_string}\"},\"query-input\":{\"@type\":\"PropertyValueSpecification\",\"valueRequired\":true,\"valueName\":\"search_term_string\"}}],\"inLanguage\":\"nl-NL\"},{\"@type\":\"Person\",\"@id\":\"http:\/\/fields.test\/#\/schema\/person\/a898f74ceb741c0a4fdf1b6d427f71b7\",\"name\":\"f-admin\",\"image\":{\"@type\":\"ImageObject\",\"inLanguage\":\"nl-NL\",\"@id\":\"http:\/\/fields.test\/#\/schema\/person\/image\/\",\"url\":\"https:\/\/secure.gravatar.com\/avatar\/1a92747e3c960f3a559535423668659ae491ae550cc09feb28b5cb40ed0265f8?s=96&d=mm&r=g\",\"contentUrl\":\"https:\/\/secure.gravatar.com\/avatar\/1a92747e3c960f3a559535423668659ae491ae550cc09feb28b5cb40ed0265f8?s=96&d=mm&r=g\",\"caption\":\"f-admin\"},\"sameAs\":[\"https:\/\/www.fields.nl\"],\"url\":\"https:\/\/www.fields.nl\/nl\/author\/f-admin\/\"}]}<\/script>\n<!-- \/ Yoast SEO plugin. -->","yoast_head_json":{"title":"M&A in onzekere tijden - FIELDS Group","robots":{"index":"index","follow":"follow","max-snippet":"max-snippet:-1","max-image-preview":"max-image-preview:large","max-video-preview":"max-video-preview:-1"},"canonical":"https:\/\/www.fields.nl\/nl\/ma-in-onzekere-tijden\/","og_locale":"nl_NL","og_type":"article","og_title":"M&A in onzekere tijden - FIELDS Group","og_description":"Lars Werner en Philipp Goller van Concentro Management AG hebben Ren\u00e9 van der Velden van FIELDS Group voor een gesprek uitgenodigd, om het perspectief van een ervaren investeerder in onzekere tijden beter te begrijpen (artikel in het Duits). Der deutsche M&amp;A-Markt hat sich nach Daten von mergermarket nach zwei Rekordjahren hintereinander im Jahr 2019 mit [&hellip;]","og_url":"https:\/\/www.fields.nl\/nl\/ma-in-onzekere-tijden\/","og_site_name":"FIELDS Group","article_published_time":"2020-04-30T09:50:37+00:00","article_modified_time":"2025-11-14T10:11:17+00:00","og_image":[{"width":1000,"height":667,"url":"https:\/\/mijnnieuwe.website\/fields\/wp-content\/uploads\/2025\/10\/MA-in-unsicheren-Zeiten-3.jpg","type":"image\/jpeg"}],"author":"f-admin","twitter_card":"summary_large_image","twitter_misc":{"Geschreven door":"f-admin","Geschatte leestijd":"6 minuten"},"schema":{"@context":"https:\/\/schema.org","@graph":[{"@type":"WebPage","@id":"https:\/\/www.fields.nl\/nl\/ma-in-onzekere-tijden\/","url":"https:\/\/www.fields.nl\/nl\/ma-in-onzekere-tijden\/","name":"M&A in onzekere tijden - FIELDS Group","isPartOf":{"@id":"http:\/\/fields.test\/#website"},"primaryImageOfPage":{"@id":"https:\/\/www.fields.nl\/nl\/ma-in-onzekere-tijden\/#primaryimage"},"image":{"@id":"https:\/\/www.fields.nl\/nl\/ma-in-onzekere-tijden\/#primaryimage"},"thumbnailUrl":"https:\/\/www.fields.nl\/wp-content\/uploads\/2025\/10\/MA-in-unsicheren-Zeiten-3.jpg","datePublished":"2020-04-30T09:50:37+00:00","dateModified":"2025-11-14T10:11:17+00:00","author":{"@id":"http:\/\/fields.test\/#\/schema\/person\/a898f74ceb741c0a4fdf1b6d427f71b7"},"breadcrumb":{"@id":"https:\/\/www.fields.nl\/nl\/ma-in-onzekere-tijden\/#breadcrumb"},"inLanguage":"nl-NL","potentialAction":[{"@type":"ReadAction","target":["https:\/\/www.fields.nl\/nl\/ma-in-onzekere-tijden\/"]}]},{"@type":"ImageObject","inLanguage":"nl-NL","@id":"https:\/\/www.fields.nl\/nl\/ma-in-onzekere-tijden\/#primaryimage","url":"https:\/\/www.fields.nl\/wp-content\/uploads\/2025\/10\/MA-in-unsicheren-Zeiten-3.jpg","contentUrl":"https:\/\/www.fields.nl\/wp-content\/uploads\/2025\/10\/MA-in-unsicheren-Zeiten-3.jpg","width":1000,"height":667},{"@type":"BreadcrumbList","@id":"https:\/\/www.fields.nl\/nl\/ma-in-onzekere-tijden\/#breadcrumb","itemListElement":[{"@type":"ListItem","position":1,"name":"Home","item":"https:\/\/www.fields.nl\/nl\/"},{"@type":"ListItem","position":2,"name":"M&#038;A in onzekere tijden"}]},{"@type":"WebSite","@id":"http:\/\/fields.test\/#website","url":"http:\/\/fields.test\/","name":"FIELDS Group","description":"","potentialAction":[{"@type":"SearchAction","target":{"@type":"EntryPoint","urlTemplate":"http:\/\/fields.test\/?s={search_term_string}"},"query-input":{"@type":"PropertyValueSpecification","valueRequired":true,"valueName":"search_term_string"}}],"inLanguage":"nl-NL"},{"@type":"Person","@id":"http:\/\/fields.test\/#\/schema\/person\/a898f74ceb741c0a4fdf1b6d427f71b7","name":"f-admin","image":{"@type":"ImageObject","inLanguage":"nl-NL","@id":"http:\/\/fields.test\/#\/schema\/person\/image\/","url":"https:\/\/secure.gravatar.com\/avatar\/1a92747e3c960f3a559535423668659ae491ae550cc09feb28b5cb40ed0265f8?s=96&d=mm&r=g","contentUrl":"https:\/\/secure.gravatar.com\/avatar\/1a92747e3c960f3a559535423668659ae491ae550cc09feb28b5cb40ed0265f8?s=96&d=mm&r=g","caption":"f-admin"},"sameAs":["https:\/\/www.fields.nl"],"url":"https:\/\/www.fields.nl\/nl\/author\/f-admin\/"}]}},"_links":{"self":[{"href":"https:\/\/www.fields.nl\/nl\/wp-json\/wp\/v2\/posts\/6399","targetHints":{"allow":["GET"]}}],"collection":[{"href":"https:\/\/www.fields.nl\/nl\/wp-json\/wp\/v2\/posts"}],"about":[{"href":"https:\/\/www.fields.nl\/nl\/wp-json\/wp\/v2\/types\/post"}],"author":[{"embeddable":true,"href":"https:\/\/www.fields.nl\/nl\/wp-json\/wp\/v2\/users\/1"}],"replies":[{"embeddable":true,"href":"https:\/\/www.fields.nl\/nl\/wp-json\/wp\/v2\/comments?post=6399"}],"version-history":[{"count":1,"href":"https:\/\/www.fields.nl\/nl\/wp-json\/wp\/v2\/posts\/6399\/revisions"}],"predecessor-version":[{"id":6400,"href":"https:\/\/www.fields.nl\/nl\/wp-json\/wp\/v2\/posts\/6399\/revisions\/6400"}],"wp:featuredmedia":[{"embeddable":true,"href":"https:\/\/www.fields.nl\/nl\/wp-json\/wp\/v2\/media\/3842"}],"wp:attachment":[{"href":"https:\/\/www.fields.nl\/nl\/wp-json\/wp\/v2\/media?parent=6399"}],"wp:term":[{"taxonomy":"category","embeddable":true,"href":"https:\/\/www.fields.nl\/nl\/wp-json\/wp\/v2\/categories?post=6399"},{"taxonomy":"post_tag","embeddable":true,"href":"https:\/\/www.fields.nl\/nl\/wp-json\/wp\/v2\/tags?post=6399"}],"curies":[{"name":"wp","href":"https:\/\/api.w.org\/{rel}","templated":true}]}}