{"id":6686,"date":"2025-05-19T15:58:56","date_gmt":"2025-05-19T15:58:56","guid":{"rendered":"https:\/\/mijnnieuwe.website\/fields\/logistic-force-add-on-akquisition\/"},"modified":"2025-11-12T07:12:44","modified_gmt":"2025-11-12T07:12:44","slug":"logistic-force-add-on-akquisition","status":"publish","type":"post","link":"https:\/\/www.fields.nl\/de\/logistic-force-add-on-akquisition\/","title":{"rendered":"Logistic Force \u00fcbernimmt UBrands"},"content":{"rendered":"<p><strong>Logistic Force st\u00e4rkt durch die \u00dcbernahme von UBrands seine f\u00fchrende Position als Anbieter von Personal-, Rekrutierungs-, Trainings- und HR-Dienstleistungen im Bereich Logistik und Supply Chain<\/strong><\/p>\n<p>Wir freuen uns, bekannt zu geben, dass Logistic Force, ein f\u00fchrender niederl\u00e4ndischer Anbieter von Personal-, Rekrutierungs-, Trainings- und HR-Dienstleistungen mit Fokus auf die Transport- und Logistikbranche, UBrands \u00fcbernommen hat.<\/p>\n<p>UBrands ist ein Anbieter von HR-L\u00f6sungen im Bereich Logistik und Supply Chain Management. Das umfassende Dienstleistungsangebot umfasst die Arbeitnehmer\u00fcberlassung hochqualifizierter Young Professionals, Beratungsleistungen sowie die Durchf\u00fchrung von Schulungsprogrammen. Mit diesem einzigartigen Mix unterst\u00fctzt UBrands Unternehmen dabei, ihre Gesch\u00e4ftsprozesse entlang der gesamten Lieferkette zu optimieren und zu transformieren.<\/p>\n<p>Paul Custers, Gesch\u00e4ftsf\u00fchrer von VIA Logistics Professionals, einer Marke von Logistic Force mit Fokus auf hochqualifizierte Fachkr\u00e4fte in der Logistik und Supply Chain:<\/p>\n<p>\u201eUBrands ist eine wertvolle Erg\u00e4nzung zu unserem gemeinsamen Anspruch, als Marktf\u00fchrer die Zukunft der Logistikkette mitzugestalten. Gemeinsam gehen wir den n\u00e4chsten Schritt, um die besten L\u00f6sungen anzubieten. Es ist inspirierend zu sehen, wie sich unsere Marken gegenseitig erg\u00e4nzen und gemeinsam nachhaltiges Wachstum und Qualit\u00e4t f\u00fcr unsere Kunden schaffen.\u201c<\/p>\n<p>Mike Porton, CEO von UBrands, erg\u00e4nzt:<\/p>\n<p>\u201eDie Zusammenarbeit mit Logistic Force und VIA Logistics Professionals gibt unserem einzigartigen Leistungsversprechen einen starken Wachstumsimpuls &#8211; wir bieten ma\u00dfgeschneiderte L\u00f6sungen aus verschiedenen Blickwinkeln f\u00fcr unsere Kunden.\u201c<\/p>\n<p>&nbsp;<\/p>\n<p><strong>\u00dcber FIELDS Group<\/strong><br \/>\nFIELDS Group ist ein unternehmerisch denkender Investor, der sich auf die Entwicklung von Unternehmen mit Potenzial konzentriert. FIELDS Group investiert in Unternehmen mit Sitz in der DACH- und der Benelux-Region und realisiert mit seinem Team echte Transformationen.<\/p>\n","protected":false},"excerpt":{"rendered":"<p>Logistic Force st\u00e4rkt durch die \u00dcbernahme von UBrands seine f\u00fchrende Position als Anbieter von Personal-, Rekrutierungs-, Trainings- und HR-Dienstleistungen im Bereich Logistik und Supply Chain Wir freuen uns, bekannt zu geben, dass Logistic Force, ein f\u00fchrender niederl\u00e4ndischer Anbieter von Personal-, Rekrutierungs-, Trainings- und HR-Dienstleistungen mit Fokus auf die Transport- und Logistikbranche, UBrands \u00fcbernommen hat. UBrands [&hellip;]<\/p>\n","protected":false},"author":1,"featured_media":6687,"comment_status":"open","ping_status":"open","sticky":false,"template":"","format":"standard","meta":{"_acf_changed":false,"footnotes":""},"categories":[51],"tags":[],"class_list":["post-6686","post","type-post","status-publish","format-standard","has-post-thumbnail","hentry","category-deal-news"],"acf":[],"yoast_head":"<!-- This site is optimized with the Yoast SEO plugin v26.3 - https:\/\/yoast.com\/wordpress\/plugins\/seo\/ -->\n<title>Logistic Force \u00fcbernimmt UBrands - FIELDS Group<\/title>\n<meta name=\"robots\" content=\"index, follow, max-snippet:-1, max-image-preview:large, max-video-preview:-1\" \/>\n<link rel=\"canonical\" href=\"https:\/\/www.fields.nl\/de\/logistic-force-add-on-akquisition\/\" \/>\n<meta property=\"og:locale\" content=\"de_DE\" \/>\n<meta property=\"og:type\" content=\"article\" \/>\n<meta property=\"og:title\" content=\"Logistic Force \u00fcbernimmt UBrands - FIELDS Group\" \/>\n<meta property=\"og:description\" content=\"Logistic Force st\u00e4rkt durch die \u00dcbernahme von UBrands seine f\u00fchrende Position als Anbieter von Personal-, Rekrutierungs-, Trainings- und HR-Dienstleistungen im Bereich Logistik und Supply Chain Wir freuen uns, bekannt zu geben, dass Logistic Force, ein f\u00fchrender niederl\u00e4ndischer Anbieter von Personal-, Rekrutierungs-, Trainings- und HR-Dienstleistungen mit Fokus auf die Transport- und Logistikbranche, UBrands \u00fcbernommen hat. UBrands [&hellip;]\" \/>\n<meta property=\"og:url\" content=\"https:\/\/www.fields.nl\/de\/logistic-force-add-on-akquisition\/\" \/>\n<meta property=\"og:site_name\" content=\"FIELDS Group\" \/>\n<meta property=\"article:published_time\" content=\"2025-05-19T15:58:56+00:00\" \/>\n<meta property=\"article:modified_time\" content=\"2025-11-12T07:12:44+00:00\" \/>\n<meta property=\"og:image\" content=\"https:\/\/mijnnieuwe.website\/fields\/wp-content\/uploads\/2025\/10\/Picture-1.jpg\" \/>\n\t<meta property=\"og:image:width\" content=\"1080\" \/>\n\t<meta property=\"og:image:height\" content=\"728\" \/>\n\t<meta property=\"og:image:type\" content=\"image\/jpeg\" \/>\n<meta name=\"author\" content=\"f-admin\" \/>\n<meta name=\"twitter:card\" content=\"summary_large_image\" \/>\n<meta name=\"twitter:label1\" content=\"Verfasst von\" \/>\n\t<meta name=\"twitter:data1\" content=\"f-admin\" \/>\n\t<meta name=\"twitter:label2\" content=\"Gesch\u00e4tzte Lesezeit\" \/>\n\t<meta name=\"twitter:data2\" content=\"2\u00a0Minuten\" \/>\n<script type=\"application\/ld+json\" class=\"yoast-schema-graph\">{\"@context\":\"https:\/\/schema.org\",\"@graph\":[{\"@type\":\"WebPage\",\"@id\":\"https:\/\/www.fields.nl\/de\/logistic-force-add-on-akquisition\/\",\"url\":\"https:\/\/www.fields.nl\/de\/logistic-force-add-on-akquisition\/\",\"name\":\"Logistic Force \u00fcbernimmt UBrands - FIELDS Group\",\"isPartOf\":{\"@id\":\"http:\/\/fields.test\/#website\"},\"primaryImageOfPage\":{\"@id\":\"https:\/\/www.fields.nl\/de\/logistic-force-add-on-akquisition\/#primaryimage\"},\"image\":{\"@id\":\"https:\/\/www.fields.nl\/de\/logistic-force-add-on-akquisition\/#primaryimage\"},\"thumbnailUrl\":\"https:\/\/www.fields.nl\/wp-content\/uploads\/2025\/10\/Picture-1.jpg\",\"datePublished\":\"2025-05-19T15:58:56+00:00\",\"dateModified\":\"2025-11-12T07:12:44+00:00\",\"author\":{\"@id\":\"http:\/\/fields.test\/#\/schema\/person\/a898f74ceb741c0a4fdf1b6d427f71b7\"},\"breadcrumb\":{\"@id\":\"https:\/\/www.fields.nl\/de\/logistic-force-add-on-akquisition\/#breadcrumb\"},\"inLanguage\":\"de\",\"potentialAction\":[{\"@type\":\"ReadAction\",\"target\":[\"https:\/\/www.fields.nl\/de\/logistic-force-add-on-akquisition\/\"]}]},{\"@type\":\"ImageObject\",\"inLanguage\":\"de\",\"@id\":\"https:\/\/www.fields.nl\/de\/logistic-force-add-on-akquisition\/#primaryimage\",\"url\":\"https:\/\/www.fields.nl\/wp-content\/uploads\/2025\/10\/Picture-1.jpg\",\"contentUrl\":\"https:\/\/www.fields.nl\/wp-content\/uploads\/2025\/10\/Picture-1.jpg\",\"width\":1080,\"height\":728},{\"@type\":\"BreadcrumbList\",\"@id\":\"https:\/\/www.fields.nl\/de\/logistic-force-add-on-akquisition\/#breadcrumb\",\"itemListElement\":[{\"@type\":\"ListItem\",\"position\":1,\"name\":\"Home\",\"item\":\"https:\/\/www.fields.nl\/de\/\"},{\"@type\":\"ListItem\",\"position\":2,\"name\":\"Logistic Force \u00fcbernimmt UBrands\"}]},{\"@type\":\"WebSite\",\"@id\":\"http:\/\/fields.test\/#website\",\"url\":\"http:\/\/fields.test\/\",\"name\":\"FIELDS Group\",\"description\":\"\",\"potentialAction\":[{\"@type\":\"SearchAction\",\"target\":{\"@type\":\"EntryPoint\",\"urlTemplate\":\"http:\/\/fields.test\/?s={search_term_string}\"},\"query-input\":{\"@type\":\"PropertyValueSpecification\",\"valueRequired\":true,\"valueName\":\"search_term_string\"}}],\"inLanguage\":\"de\"},{\"@type\":\"Person\",\"@id\":\"http:\/\/fields.test\/#\/schema\/person\/a898f74ceb741c0a4fdf1b6d427f71b7\",\"name\":\"f-admin\",\"image\":{\"@type\":\"ImageObject\",\"inLanguage\":\"de\",\"@id\":\"http:\/\/fields.test\/#\/schema\/person\/image\/\",\"url\":\"https:\/\/secure.gravatar.com\/avatar\/1a92747e3c960f3a559535423668659ae491ae550cc09feb28b5cb40ed0265f8?s=96&d=mm&r=g\",\"contentUrl\":\"https:\/\/secure.gravatar.com\/avatar\/1a92747e3c960f3a559535423668659ae491ae550cc09feb28b5cb40ed0265f8?s=96&d=mm&r=g\",\"caption\":\"f-admin\"},\"sameAs\":[\"https:\/\/www.fields.nl\"],\"url\":\"https:\/\/www.fields.nl\/de\/author\/f-admin\/\"}]}<\/script>\n<!-- \/ Yoast SEO plugin. -->","yoast_head_json":{"title":"Logistic Force \u00fcbernimmt UBrands - FIELDS Group","robots":{"index":"index","follow":"follow","max-snippet":"max-snippet:-1","max-image-preview":"max-image-preview:large","max-video-preview":"max-video-preview:-1"},"canonical":"https:\/\/www.fields.nl\/de\/logistic-force-add-on-akquisition\/","og_locale":"de_DE","og_type":"article","og_title":"Logistic Force \u00fcbernimmt UBrands - FIELDS Group","og_description":"Logistic Force st\u00e4rkt durch die \u00dcbernahme von UBrands seine f\u00fchrende Position als Anbieter von Personal-, Rekrutierungs-, Trainings- und HR-Dienstleistungen im Bereich Logistik und Supply Chain Wir freuen uns, bekannt zu geben, dass Logistic Force, ein f\u00fchrender niederl\u00e4ndischer Anbieter von Personal-, Rekrutierungs-, Trainings- und HR-Dienstleistungen mit Fokus auf die Transport- und Logistikbranche, UBrands \u00fcbernommen hat. UBrands [&hellip;]","og_url":"https:\/\/www.fields.nl\/de\/logistic-force-add-on-akquisition\/","og_site_name":"FIELDS Group","article_published_time":"2025-05-19T15:58:56+00:00","article_modified_time":"2025-11-12T07:12:44+00:00","og_image":[{"width":1080,"height":728,"url":"https:\/\/mijnnieuwe.website\/fields\/wp-content\/uploads\/2025\/10\/Picture-1.jpg","type":"image\/jpeg"}],"author":"f-admin","twitter_card":"summary_large_image","twitter_misc":{"Verfasst von":"f-admin","Gesch\u00e4tzte Lesezeit":"2\u00a0Minuten"},"schema":{"@context":"https:\/\/schema.org","@graph":[{"@type":"WebPage","@id":"https:\/\/www.fields.nl\/de\/logistic-force-add-on-akquisition\/","url":"https:\/\/www.fields.nl\/de\/logistic-force-add-on-akquisition\/","name":"Logistic Force \u00fcbernimmt UBrands - FIELDS Group","isPartOf":{"@id":"http:\/\/fields.test\/#website"},"primaryImageOfPage":{"@id":"https:\/\/www.fields.nl\/de\/logistic-force-add-on-akquisition\/#primaryimage"},"image":{"@id":"https:\/\/www.fields.nl\/de\/logistic-force-add-on-akquisition\/#primaryimage"},"thumbnailUrl":"https:\/\/www.fields.nl\/wp-content\/uploads\/2025\/10\/Picture-1.jpg","datePublished":"2025-05-19T15:58:56+00:00","dateModified":"2025-11-12T07:12:44+00:00","author":{"@id":"http:\/\/fields.test\/#\/schema\/person\/a898f74ceb741c0a4fdf1b6d427f71b7"},"breadcrumb":{"@id":"https:\/\/www.fields.nl\/de\/logistic-force-add-on-akquisition\/#breadcrumb"},"inLanguage":"de","potentialAction":[{"@type":"ReadAction","target":["https:\/\/www.fields.nl\/de\/logistic-force-add-on-akquisition\/"]}]},{"@type":"ImageObject","inLanguage":"de","@id":"https:\/\/www.fields.nl\/de\/logistic-force-add-on-akquisition\/#primaryimage","url":"https:\/\/www.fields.nl\/wp-content\/uploads\/2025\/10\/Picture-1.jpg","contentUrl":"https:\/\/www.fields.nl\/wp-content\/uploads\/2025\/10\/Picture-1.jpg","width":1080,"height":728},{"@type":"BreadcrumbList","@id":"https:\/\/www.fields.nl\/de\/logistic-force-add-on-akquisition\/#breadcrumb","itemListElement":[{"@type":"ListItem","position":1,"name":"Home","item":"https:\/\/www.fields.nl\/de\/"},{"@type":"ListItem","position":2,"name":"Logistic Force \u00fcbernimmt UBrands"}]},{"@type":"WebSite","@id":"http:\/\/fields.test\/#website","url":"http:\/\/fields.test\/","name":"FIELDS Group","description":"","potentialAction":[{"@type":"SearchAction","target":{"@type":"EntryPoint","urlTemplate":"http:\/\/fields.test\/?s={search_term_string}"},"query-input":{"@type":"PropertyValueSpecification","valueRequired":true,"valueName":"search_term_string"}}],"inLanguage":"de"},{"@type":"Person","@id":"http:\/\/fields.test\/#\/schema\/person\/a898f74ceb741c0a4fdf1b6d427f71b7","name":"f-admin","image":{"@type":"ImageObject","inLanguage":"de","@id":"http:\/\/fields.test\/#\/schema\/person\/image\/","url":"https:\/\/secure.gravatar.com\/avatar\/1a92747e3c960f3a559535423668659ae491ae550cc09feb28b5cb40ed0265f8?s=96&d=mm&r=g","contentUrl":"https:\/\/secure.gravatar.com\/avatar\/1a92747e3c960f3a559535423668659ae491ae550cc09feb28b5cb40ed0265f8?s=96&d=mm&r=g","caption":"f-admin"},"sameAs":["https:\/\/www.fields.nl"],"url":"https:\/\/www.fields.nl\/de\/author\/f-admin\/"}]}},"_links":{"self":[{"href":"https:\/\/www.fields.nl\/de\/wp-json\/wp\/v2\/posts\/6686","targetHints":{"allow":["GET"]}}],"collection":[{"href":"https:\/\/www.fields.nl\/de\/wp-json\/wp\/v2\/posts"}],"about":[{"href":"https:\/\/www.fields.nl\/de\/wp-json\/wp\/v2\/types\/post"}],"author":[{"embeddable":true,"href":"https:\/\/www.fields.nl\/de\/wp-json\/wp\/v2\/users\/1"}],"replies":[{"embeddable":true,"href":"https:\/\/www.fields.nl\/de\/wp-json\/wp\/v2\/comments?post=6686"}],"version-history":[{"count":1,"href":"https:\/\/www.fields.nl\/de\/wp-json\/wp\/v2\/posts\/6686\/revisions"}],"predecessor-version":[{"id":8231,"href":"https:\/\/www.fields.nl\/de\/wp-json\/wp\/v2\/posts\/6686\/revisions\/8231"}],"wp:featuredmedia":[{"embeddable":true,"href":"https:\/\/www.fields.nl\/de\/wp-json\/wp\/v2\/media\/6687"}],"wp:attachment":[{"href":"https:\/\/www.fields.nl\/de\/wp-json\/wp\/v2\/media?parent=6686"}],"wp:term":[{"taxonomy":"category","embeddable":true,"href":"https:\/\/www.fields.nl\/de\/wp-json\/wp\/v2\/categories?post=6686"},{"taxonomy":"post_tag","embeddable":true,"href":"https:\/\/www.fields.nl\/de\/wp-json\/wp\/v2\/tags?post=6686"}],"curies":[{"name":"wp","href":"https:\/\/api.w.org\/{rel}","templated":true}]}}