{"id":6511,"date":"2023-01-18T14:23:06","date_gmt":"2023-01-18T14:23:06","guid":{"rendered":"https:\/\/mijnnieuwe.website\/fields\/fabianne-onderwater-wird-zum-investment-director-andre-reitz-zum-manager-und-nando-slijkerman-zum-associate-befordert\/"},"modified":"2025-11-12T07:21:36","modified_gmt":"2025-11-12T07:21:36","slug":"fabianne-onderwater-wird-zum-investment-director-andre-reitz-zum-manager-und-nando-slijkerman-zum-associate-befordert","status":"publish","type":"post","link":"https:\/\/www.fields.nl\/de\/fabianne-onderwater-wird-zum-investment-director-andre-reitz-zum-manager-und-nando-slijkerman-zum-associate-befordert\/","title":{"rendered":"Team Updates"},"content":{"rendered":"\r\n<p>Die FIELDS Group freut sich bekannt zu geben, dass Fabianne Onderwater zum Investment Director, Andr\u00e9 Reitz zum Investment Manager und Nando Slijkerman zum Investment Associate bef\u00f6rdert wurden.<\/p>\r\n\r\n\r\n\r\n<p>Sowohl Fabianne, Andr\u00e9 als auch Nando haben in den vergangenen Jahren eine sehr starke berufliche Entwicklung gezeigt und einen erheblichen Einfluss auf mehrere Transaktionsprozesse, unsere Gruppenunternehmen und die FIELDS-Organisation ausge\u00fcbt.<\/p>\r\n\r\n\r\n\r\n<p>Insbesondere Fabianne war insbesondere ma\u00dfgeblich an den Akquisitionen und dem weiteren Wachstum von Vink Groep und FMTC sowie der erfolgreichen Ver\u00e4u\u00dferung von Eurotech beteiligt. Daneben ist sie auch eine der treibenden Kr\u00e4fte hinter dem Talentprogramm bei Vink, das auf das Training und Coaching von High Potentials abzielt, und sie ist ein aktives Mitglied von Level20.<\/p>\r\n\r\n\r\n\r\n<p>Andr\u00e9 spielte eine f\u00fchrende Rolle bei der \u00dcbernahme von KENT Europe und treibt derzeit das Buy-and-Build von FIELDS im Bereich IT-Dienstleistungen in der DACH-Region voran. Er hat weiterhin gro\u00dfen Einfluss auf die Zusammenarbeit mit dem Team von KENT, um dessen volles Potenzial auszusch\u00f6pfen.<\/p>\r\n\r\n\r\n\r\n<p>Nando spielte eine entscheidende Rolle bei der \u00dcbernahme von KENT Europe, wobei der Schwerpunkt auf der kommerziellen Due Diligence und der zuk\u00fcnftigen Wertsch\u00f6pfung lag. Dar\u00fcber hinaus spielt er eine f\u00fchrende Rolle bei der F\u00f6rderung von ESG in unseren Gruppenunternehmen.<\/p>\r\n","protected":false},"excerpt":{"rendered":"<p>Die FIELDS Group freut sich bekannt zu geben, dass Fabianne Onderwater zum Investment Director, Andr\u00e9 Reitz zum Investment Manager und Nando Slijkerman zum Investment Associate bef\u00f6rdert wurden. Sowohl Fabianne, Andr\u00e9 als auch Nando haben in den vergangenen Jahren eine sehr starke berufliche Entwicklung gezeigt und einen erheblichen Einfluss auf mehrere Transaktionsprozesse, unsere Gruppenunternehmen und die [&hellip;]<\/p>\n","protected":false},"author":1,"featured_media":3994,"comment_status":"open","ping_status":"open","sticky":false,"template":"","format":"standard","meta":{"_acf_changed":false,"footnotes":""},"categories":[52],"tags":[],"class_list":["post-6511","post","type-post","status-publish","format-standard","has-post-thumbnail","hentry","category-team-updates"],"acf":[],"yoast_head":"<!-- This site is optimized with the Yoast SEO plugin v26.3 - https:\/\/yoast.com\/wordpress\/plugins\/seo\/ -->\n<title>Team Updates - FIELDS Group<\/title>\n<meta name=\"robots\" content=\"index, follow, max-snippet:-1, max-image-preview:large, max-video-preview:-1\" \/>\n<link rel=\"canonical\" href=\"https:\/\/www.fields.nl\/de\/fabianne-onderwater-wird-zum-investment-director-andre-reitz-zum-manager-und-nando-slijkerman-zum-associate-befordert\/\" \/>\n<meta property=\"og:locale\" content=\"de_DE\" \/>\n<meta property=\"og:type\" content=\"article\" \/>\n<meta property=\"og:title\" content=\"Team Updates - FIELDS Group\" \/>\n<meta property=\"og:description\" content=\"Die FIELDS Group freut sich bekannt zu geben, dass Fabianne Onderwater zum Investment Director, Andr\u00e9 Reitz zum Investment Manager und Nando Slijkerman zum Investment Associate bef\u00f6rdert wurden. Sowohl Fabianne, Andr\u00e9 als auch Nando haben in den vergangenen Jahren eine sehr starke berufliche Entwicklung gezeigt und einen erheblichen Einfluss auf mehrere Transaktionsprozesse, unsere Gruppenunternehmen und die [&hellip;]\" \/>\n<meta property=\"og:url\" content=\"https:\/\/www.fields.nl\/de\/fabianne-onderwater-wird-zum-investment-director-andre-reitz-zum-manager-und-nando-slijkerman-zum-associate-befordert\/\" \/>\n<meta property=\"og:site_name\" content=\"FIELDS Group\" \/>\n<meta property=\"article:published_time\" content=\"2023-01-18T14:23:06+00:00\" \/>\n<meta property=\"article:modified_time\" content=\"2025-11-12T07:21:36+00:00\" \/>\n<meta property=\"og:image\" content=\"https:\/\/mijnnieuwe.website\/fields\/wp-content\/uploads\/2025\/10\/230118-Afbeelding-promo-def-website-2.jpg\" \/>\n\t<meta property=\"og:image:width\" content=\"1280\" \/>\n\t<meta property=\"og:image:height\" content=\"720\" \/>\n\t<meta property=\"og:image:type\" content=\"image\/jpeg\" \/>\n<meta name=\"author\" content=\"f-admin\" \/>\n<meta name=\"twitter:card\" content=\"summary_large_image\" \/>\n<meta name=\"twitter:label1\" content=\"Verfasst von\" \/>\n\t<meta name=\"twitter:data1\" content=\"f-admin\" \/>\n\t<meta name=\"twitter:label2\" content=\"Gesch\u00e4tzte Lesezeit\" \/>\n\t<meta name=\"twitter:data2\" content=\"2\u00a0Minuten\" \/>\n<script type=\"application\/ld+json\" class=\"yoast-schema-graph\">{\"@context\":\"https:\/\/schema.org\",\"@graph\":[{\"@type\":\"WebPage\",\"@id\":\"https:\/\/www.fields.nl\/de\/fabianne-onderwater-wird-zum-investment-director-andre-reitz-zum-manager-und-nando-slijkerman-zum-associate-befordert\/\",\"url\":\"https:\/\/www.fields.nl\/de\/fabianne-onderwater-wird-zum-investment-director-andre-reitz-zum-manager-und-nando-slijkerman-zum-associate-befordert\/\",\"name\":\"Team Updates - FIELDS Group\",\"isPartOf\":{\"@id\":\"http:\/\/fields.test\/#website\"},\"primaryImageOfPage\":{\"@id\":\"https:\/\/www.fields.nl\/de\/fabianne-onderwater-wird-zum-investment-director-andre-reitz-zum-manager-und-nando-slijkerman-zum-associate-befordert\/#primaryimage\"},\"image\":{\"@id\":\"https:\/\/www.fields.nl\/de\/fabianne-onderwater-wird-zum-investment-director-andre-reitz-zum-manager-und-nando-slijkerman-zum-associate-befordert\/#primaryimage\"},\"thumbnailUrl\":\"https:\/\/www.fields.nl\/wp-content\/uploads\/2025\/10\/230118-Afbeelding-promo-def-website-2.jpg\",\"datePublished\":\"2023-01-18T14:23:06+00:00\",\"dateModified\":\"2025-11-12T07:21:36+00:00\",\"author\":{\"@id\":\"http:\/\/fields.test\/#\/schema\/person\/a898f74ceb741c0a4fdf1b6d427f71b7\"},\"breadcrumb\":{\"@id\":\"https:\/\/www.fields.nl\/de\/fabianne-onderwater-wird-zum-investment-director-andre-reitz-zum-manager-und-nando-slijkerman-zum-associate-befordert\/#breadcrumb\"},\"inLanguage\":\"de\",\"potentialAction\":[{\"@type\":\"ReadAction\",\"target\":[\"https:\/\/www.fields.nl\/de\/fabianne-onderwater-wird-zum-investment-director-andre-reitz-zum-manager-und-nando-slijkerman-zum-associate-befordert\/\"]}]},{\"@type\":\"ImageObject\",\"inLanguage\":\"de\",\"@id\":\"https:\/\/www.fields.nl\/de\/fabianne-onderwater-wird-zum-investment-director-andre-reitz-zum-manager-und-nando-slijkerman-zum-associate-befordert\/#primaryimage\",\"url\":\"https:\/\/www.fields.nl\/wp-content\/uploads\/2025\/10\/230118-Afbeelding-promo-def-website-2.jpg\",\"contentUrl\":\"https:\/\/www.fields.nl\/wp-content\/uploads\/2025\/10\/230118-Afbeelding-promo-def-website-2.jpg\",\"width\":1280,\"height\":720},{\"@type\":\"BreadcrumbList\",\"@id\":\"https:\/\/www.fields.nl\/de\/fabianne-onderwater-wird-zum-investment-director-andre-reitz-zum-manager-und-nando-slijkerman-zum-associate-befordert\/#breadcrumb\",\"itemListElement\":[{\"@type\":\"ListItem\",\"position\":1,\"name\":\"Home\",\"item\":\"https:\/\/www.fields.nl\/de\/\"},{\"@type\":\"ListItem\",\"position\":2,\"name\":\"Team Updates\"}]},{\"@type\":\"WebSite\",\"@id\":\"http:\/\/fields.test\/#website\",\"url\":\"http:\/\/fields.test\/\",\"name\":\"FIELDS Group\",\"description\":\"\",\"potentialAction\":[{\"@type\":\"SearchAction\",\"target\":{\"@type\":\"EntryPoint\",\"urlTemplate\":\"http:\/\/fields.test\/?s={search_term_string}\"},\"query-input\":{\"@type\":\"PropertyValueSpecification\",\"valueRequired\":true,\"valueName\":\"search_term_string\"}}],\"inLanguage\":\"de\"},{\"@type\":\"Person\",\"@id\":\"http:\/\/fields.test\/#\/schema\/person\/a898f74ceb741c0a4fdf1b6d427f71b7\",\"name\":\"f-admin\",\"image\":{\"@type\":\"ImageObject\",\"inLanguage\":\"de\",\"@id\":\"http:\/\/fields.test\/#\/schema\/person\/image\/\",\"url\":\"https:\/\/secure.gravatar.com\/avatar\/1a92747e3c960f3a559535423668659ae491ae550cc09feb28b5cb40ed0265f8?s=96&d=mm&r=g\",\"contentUrl\":\"https:\/\/secure.gravatar.com\/avatar\/1a92747e3c960f3a559535423668659ae491ae550cc09feb28b5cb40ed0265f8?s=96&d=mm&r=g\",\"caption\":\"f-admin\"},\"sameAs\":[\"https:\/\/www.fields.nl\"],\"url\":\"https:\/\/www.fields.nl\/de\/author\/f-admin\/\"}]}<\/script>\n<!-- \/ Yoast SEO plugin. -->","yoast_head_json":{"title":"Team Updates - FIELDS Group","robots":{"index":"index","follow":"follow","max-snippet":"max-snippet:-1","max-image-preview":"max-image-preview:large","max-video-preview":"max-video-preview:-1"},"canonical":"https:\/\/www.fields.nl\/de\/fabianne-onderwater-wird-zum-investment-director-andre-reitz-zum-manager-und-nando-slijkerman-zum-associate-befordert\/","og_locale":"de_DE","og_type":"article","og_title":"Team Updates - FIELDS Group","og_description":"Die FIELDS Group freut sich bekannt zu geben, dass Fabianne Onderwater zum Investment Director, Andr\u00e9 Reitz zum Investment Manager und Nando Slijkerman zum Investment Associate bef\u00f6rdert wurden. Sowohl Fabianne, Andr\u00e9 als auch Nando haben in den vergangenen Jahren eine sehr starke berufliche Entwicklung gezeigt und einen erheblichen Einfluss auf mehrere Transaktionsprozesse, unsere Gruppenunternehmen und die [&hellip;]","og_url":"https:\/\/www.fields.nl\/de\/fabianne-onderwater-wird-zum-investment-director-andre-reitz-zum-manager-und-nando-slijkerman-zum-associate-befordert\/","og_site_name":"FIELDS Group","article_published_time":"2023-01-18T14:23:06+00:00","article_modified_time":"2025-11-12T07:21:36+00:00","og_image":[{"width":1280,"height":720,"url":"https:\/\/mijnnieuwe.website\/fields\/wp-content\/uploads\/2025\/10\/230118-Afbeelding-promo-def-website-2.jpg","type":"image\/jpeg"}],"author":"f-admin","twitter_card":"summary_large_image","twitter_misc":{"Verfasst von":"f-admin","Gesch\u00e4tzte Lesezeit":"2\u00a0Minuten"},"schema":{"@context":"https:\/\/schema.org","@graph":[{"@type":"WebPage","@id":"https:\/\/www.fields.nl\/de\/fabianne-onderwater-wird-zum-investment-director-andre-reitz-zum-manager-und-nando-slijkerman-zum-associate-befordert\/","url":"https:\/\/www.fields.nl\/de\/fabianne-onderwater-wird-zum-investment-director-andre-reitz-zum-manager-und-nando-slijkerman-zum-associate-befordert\/","name":"Team Updates - FIELDS Group","isPartOf":{"@id":"http:\/\/fields.test\/#website"},"primaryImageOfPage":{"@id":"https:\/\/www.fields.nl\/de\/fabianne-onderwater-wird-zum-investment-director-andre-reitz-zum-manager-und-nando-slijkerman-zum-associate-befordert\/#primaryimage"},"image":{"@id":"https:\/\/www.fields.nl\/de\/fabianne-onderwater-wird-zum-investment-director-andre-reitz-zum-manager-und-nando-slijkerman-zum-associate-befordert\/#primaryimage"},"thumbnailUrl":"https:\/\/www.fields.nl\/wp-content\/uploads\/2025\/10\/230118-Afbeelding-promo-def-website-2.jpg","datePublished":"2023-01-18T14:23:06+00:00","dateModified":"2025-11-12T07:21:36+00:00","author":{"@id":"http:\/\/fields.test\/#\/schema\/person\/a898f74ceb741c0a4fdf1b6d427f71b7"},"breadcrumb":{"@id":"https:\/\/www.fields.nl\/de\/fabianne-onderwater-wird-zum-investment-director-andre-reitz-zum-manager-und-nando-slijkerman-zum-associate-befordert\/#breadcrumb"},"inLanguage":"de","potentialAction":[{"@type":"ReadAction","target":["https:\/\/www.fields.nl\/de\/fabianne-onderwater-wird-zum-investment-director-andre-reitz-zum-manager-und-nando-slijkerman-zum-associate-befordert\/"]}]},{"@type":"ImageObject","inLanguage":"de","@id":"https:\/\/www.fields.nl\/de\/fabianne-onderwater-wird-zum-investment-director-andre-reitz-zum-manager-und-nando-slijkerman-zum-associate-befordert\/#primaryimage","url":"https:\/\/www.fields.nl\/wp-content\/uploads\/2025\/10\/230118-Afbeelding-promo-def-website-2.jpg","contentUrl":"https:\/\/www.fields.nl\/wp-content\/uploads\/2025\/10\/230118-Afbeelding-promo-def-website-2.jpg","width":1280,"height":720},{"@type":"BreadcrumbList","@id":"https:\/\/www.fields.nl\/de\/fabianne-onderwater-wird-zum-investment-director-andre-reitz-zum-manager-und-nando-slijkerman-zum-associate-befordert\/#breadcrumb","itemListElement":[{"@type":"ListItem","position":1,"name":"Home","item":"https:\/\/www.fields.nl\/de\/"},{"@type":"ListItem","position":2,"name":"Team Updates"}]},{"@type":"WebSite","@id":"http:\/\/fields.test\/#website","url":"http:\/\/fields.test\/","name":"FIELDS Group","description":"","potentialAction":[{"@type":"SearchAction","target":{"@type":"EntryPoint","urlTemplate":"http:\/\/fields.test\/?s={search_term_string}"},"query-input":{"@type":"PropertyValueSpecification","valueRequired":true,"valueName":"search_term_string"}}],"inLanguage":"de"},{"@type":"Person","@id":"http:\/\/fields.test\/#\/schema\/person\/a898f74ceb741c0a4fdf1b6d427f71b7","name":"f-admin","image":{"@type":"ImageObject","inLanguage":"de","@id":"http:\/\/fields.test\/#\/schema\/person\/image\/","url":"https:\/\/secure.gravatar.com\/avatar\/1a92747e3c960f3a559535423668659ae491ae550cc09feb28b5cb40ed0265f8?s=96&d=mm&r=g","contentUrl":"https:\/\/secure.gravatar.com\/avatar\/1a92747e3c960f3a559535423668659ae491ae550cc09feb28b5cb40ed0265f8?s=96&d=mm&r=g","caption":"f-admin"},"sameAs":["https:\/\/www.fields.nl"],"url":"https:\/\/www.fields.nl\/de\/author\/f-admin\/"}]}},"_links":{"self":[{"href":"https:\/\/www.fields.nl\/de\/wp-json\/wp\/v2\/posts\/6511","targetHints":{"allow":["GET"]}}],"collection":[{"href":"https:\/\/www.fields.nl\/de\/wp-json\/wp\/v2\/posts"}],"about":[{"href":"https:\/\/www.fields.nl\/de\/wp-json\/wp\/v2\/types\/post"}],"author":[{"embeddable":true,"href":"https:\/\/www.fields.nl\/de\/wp-json\/wp\/v2\/users\/1"}],"replies":[{"embeddable":true,"href":"https:\/\/www.fields.nl\/de\/wp-json\/wp\/v2\/comments?post=6511"}],"version-history":[{"count":2,"href":"https:\/\/www.fields.nl\/de\/wp-json\/wp\/v2\/posts\/6511\/revisions"}],"predecessor-version":[{"id":8250,"href":"https:\/\/www.fields.nl\/de\/wp-json\/wp\/v2\/posts\/6511\/revisions\/8250"}],"wp:featuredmedia":[{"embeddable":true,"href":"https:\/\/www.fields.nl\/de\/wp-json\/wp\/v2\/media\/3994"}],"wp:attachment":[{"href":"https:\/\/www.fields.nl\/de\/wp-json\/wp\/v2\/media?parent=6511"}],"wp:term":[{"taxonomy":"category","embeddable":true,"href":"https:\/\/www.fields.nl\/de\/wp-json\/wp\/v2\/categories?post=6511"},{"taxonomy":"post_tag","embeddable":true,"href":"https:\/\/www.fields.nl\/de\/wp-json\/wp\/v2\/tags?post=6511"}],"curies":[{"name":"wp","href":"https:\/\/api.w.org\/{rel}","templated":true}]}}