{"id":6479,"date":"2022-03-21T21:33:11","date_gmt":"2022-03-21T21:33:11","guid":{"rendered":"https:\/\/mijnnieuwe.website\/fields\/archive-it-starkt-position-durch-ubernahme-von-van-dinther-bedrijfsautomatisering\/"},"modified":"2025-11-12T07:24:17","modified_gmt":"2025-11-12T07:24:17","slug":"archive-it-starkt-position-durch-ubernahme-von-van-dinther-bedrijfsautomatisering","status":"publish","type":"post","link":"https:\/\/www.fields.nl\/de\/archive-it-starkt-position-durch-ubernahme-von-van-dinther-bedrijfsautomatisering\/","title":{"rendered":"Archive-IT \u00fcbernimmt Van Dinther"},"content":{"rendered":"\r\n<p>Reuver, M\u00e4rz 2022 \u2013 Archive-IT ist stolz bekannt zu geben, dass es sich mit Van Dinther Bedrijfsautomatisering zusammenschlie\u00dfen wird. Das Software Unternehmen mit Sitz in Raamsdonksveer, mit Fokus auf den Sektor der Wohnungsbaugesellschaften, macht einen wichtigen Schritt in Richtung der Realisation des zuk\u00fcnftigen Wachstums.<\/p>\r\n\r\n\r\n\r\n<p>Archiv-IT auf Wachstumskurs<br \/>Archive-IT ist ein wichtiger Akteur auf dem Archivierungsmarkt, sowohl physisch als auch digital. Mit Niederlassungen in den Niederlanden, Deutschland, Belgien und Frankreich arbeitet ein enthusiastisches Team hart daran, seine internationalen Ambitionen zu verwirklichen. Durch die Zusammenarbeit mit Van Dinther erh\u00e4lt Archive-IT Zugang zu einem neuen Marktsegment. In diesem kann Archive-IT mit seinen (digitalen) Archivierungsl\u00f6sungen einen direkten Mehrwert bieten. Gesch\u00e4ftsf\u00fchrer und Eigent\u00fcmer von Archive-IT, Paul de Meulemeester, erkl\u00e4rt: \u201eIch bin sehr gl\u00fccklich und stolz auf die Zusammenarbeit, die wir mit Van Dinther begonnen haben. Die unterschiedlichen Schwerpunkte und L\u00f6sungen unserer Organisationen stellen sicher, dass wir unsere Position f\u00fcr die Zukunft weiter st\u00e4rken k\u00f6nnen. In vielen Bereichen erg\u00e4nzen sich unsere L\u00f6sungen und wir sehen Vorteile, nicht nur f\u00fcr Archive-IT und Van Dinther, sondern auch f\u00fcr die Kunden beider Organisationen. Ich freue mich sehr darauf, Chancen zu ergreifen und unsere Ambitionen zusammen mit unseren neuen Kollegen in Ramsdonkveer zu verwirklichen.&#8220;<\/p>\r\n\r\n\r\n\r\n<p>Van Dinthers Know-How und Expertise<br \/>Van Dinther zeichnet sich durch Wissen und Expertise im Bereich Wohnungsbaugesellschaften in den Niederlanden aus. Sowohl f\u00fcr gro\u00dfe als auch f\u00fcr kleine Wohnungsunternehmen bietet das Unternehmen eine Enterprise Content Management (ECM)-L\u00f6sung innerhalb von Microsoft 365 an, welche eine effiziente Zusammenarbeit und eine benutzerfreundliche Dokumentenverwaltung erm\u00f6glicht. Genau hier kn\u00fcpfen beide Organisationen aneinander an: beim schnellen Zugriff auf die richtigen Informationen und der Verwaltung von Inhalten. Han van Dinther, Gesch\u00e4ftsf\u00fchrer und Eigent\u00fcmer, freut sich auf die Zusammenarbeit: \u201eAls ich Archive-IT traf, f\u00fchlte es sich sofort richtig an. Es ist wichtig, dass beide Organisationen dieselbe Zukunftsvision teilen und sich sowohl wirtschaftlich als auch in Bezug auf die Zusammenarbeit im Team erg\u00e4nzen. Ich sehe in diesem Schritt viel Potenzial. Er wird uns als Organisation st\u00e4rken und wir k\u00f6nnen zus\u00e4tzlichen Mehrwert innerhalb der Wohnungsbaubranche bieten. Ich werde noch viele Jahre als Gesch\u00e4ftsf\u00fchrer t\u00e4tig bleiben und &#8211; diesem Zusammenschluss sei Dank &#8211; nicht nur unseren Kunden, sondern auch meinen Kollegen noch bessere M\u00f6glichkeiten bieten k\u00f6nnen. Eine sehr positive Entwicklung!\u201c<\/p>\r\n\r\n\r\n\r\n<p>Win-Win-Situation<br \/>Das Know-How, das Van Dinther zu Archive-IT bringt, \u00f6ffnet neue T\u00fcren auf dem Markt f\u00fcr Unternehmensl\u00f6sungen. Umgekehrt profitiert Van Dinther von den Vorteilen einer gr\u00f6\u00dferen Organisation, um seinen Kunden ein noch besseres und zukunftssichereres L\u00f6sungspaket anbieten zu k\u00f6nnen. Rutger Alberink von Investor und Miteigent\u00fcmer FIELDS Group erkl\u00e4rt: \u201eWir sind beeindruckt von der Nischenposition, die Han mit seinem Unternehmen auf dem niederl\u00e4ndischen Markt f\u00fcr Wohnungsbaugesellschaften aufgebaut hat. Wir erwarten, dass wir Van Dinther durch Anbindung an die komplement\u00e4ren Angebote &amp; L\u00f6sungen von Archive-IT weiter ausbauen k\u00f6nnen.\u201c<\/p>\r\n","protected":false},"excerpt":{"rendered":"<p>Reuver, M\u00e4rz 2022 \u2013 Archive-IT ist stolz bekannt zu geben, dass es sich mit Van Dinther Bedrijfsautomatisering zusammenschlie\u00dfen wird. Das Software Unternehmen mit Sitz in Raamsdonksveer, mit Fokus auf den Sektor der Wohnungsbaugesellschaften, macht einen wichtigen Schritt in Richtung der Realisation des zuk\u00fcnftigen Wachstums. Archiv-IT auf WachstumskursArchive-IT ist ein wichtiger Akteur auf dem Archivierungsmarkt, sowohl [&hellip;]<\/p>\n","protected":false},"author":1,"featured_media":3941,"comment_status":"open","ping_status":"open","sticky":false,"template":"","format":"standard","meta":{"_acf_changed":false,"footnotes":""},"categories":[51],"tags":[],"class_list":["post-6479","post","type-post","status-publish","format-standard","has-post-thumbnail","hentry","category-deal-news"],"acf":[],"yoast_head":"<!-- This site is optimized with the Yoast SEO plugin v26.3 - https:\/\/yoast.com\/wordpress\/plugins\/seo\/ -->\n<title>Archive-IT \u00fcbernimmt Van Dinther - FIELDS Group<\/title>\n<meta name=\"robots\" content=\"index, follow, max-snippet:-1, max-image-preview:large, max-video-preview:-1\" \/>\n<link rel=\"canonical\" href=\"https:\/\/www.fields.nl\/de\/archive-it-starkt-position-durch-ubernahme-von-van-dinther-bedrijfsautomatisering\/\" \/>\n<meta property=\"og:locale\" content=\"de_DE\" \/>\n<meta property=\"og:type\" content=\"article\" \/>\n<meta property=\"og:title\" content=\"Archive-IT \u00fcbernimmt Van Dinther - FIELDS Group\" \/>\n<meta property=\"og:description\" content=\"Reuver, M\u00e4rz 2022 \u2013 Archive-IT ist stolz bekannt zu geben, dass es sich mit Van Dinther Bedrijfsautomatisering zusammenschlie\u00dfen wird. Das Software Unternehmen mit Sitz in Raamsdonksveer, mit Fokus auf den Sektor der Wohnungsbaugesellschaften, macht einen wichtigen Schritt in Richtung der Realisation des zuk\u00fcnftigen Wachstums. Archiv-IT auf WachstumskursArchive-IT ist ein wichtiger Akteur auf dem Archivierungsmarkt, sowohl [&hellip;]\" \/>\n<meta property=\"og:url\" content=\"https:\/\/www.fields.nl\/de\/archive-it-starkt-position-durch-ubernahme-von-van-dinther-bedrijfsautomatisering\/\" \/>\n<meta property=\"og:site_name\" content=\"FIELDS Group\" \/>\n<meta property=\"article:published_time\" content=\"2022-03-21T21:33:11+00:00\" \/>\n<meta property=\"article:modified_time\" content=\"2025-11-12T07:24:17+00:00\" \/>\n<meta property=\"og:image\" content=\"https:\/\/mijnnieuwe.website\/fields\/wp-content\/uploads\/2025\/10\/istockphoto-1058262630-612x612-1.jpg\" \/>\n\t<meta property=\"og:image:width\" content=\"612\" \/>\n\t<meta property=\"og:image:height\" content=\"360\" \/>\n\t<meta property=\"og:image:type\" content=\"image\/jpeg\" \/>\n<meta name=\"author\" content=\"f-admin\" \/>\n<meta name=\"twitter:card\" content=\"summary_large_image\" \/>\n<meta name=\"twitter:label1\" content=\"Verfasst von\" \/>\n\t<meta name=\"twitter:data1\" content=\"f-admin\" \/>\n\t<meta name=\"twitter:label2\" content=\"Gesch\u00e4tzte Lesezeit\" \/>\n\t<meta name=\"twitter:data2\" content=\"3\u00a0Minuten\" \/>\n<script type=\"application\/ld+json\" class=\"yoast-schema-graph\">{\"@context\":\"https:\/\/schema.org\",\"@graph\":[{\"@type\":\"WebPage\",\"@id\":\"https:\/\/www.fields.nl\/de\/archive-it-starkt-position-durch-ubernahme-von-van-dinther-bedrijfsautomatisering\/\",\"url\":\"https:\/\/www.fields.nl\/de\/archive-it-starkt-position-durch-ubernahme-von-van-dinther-bedrijfsautomatisering\/\",\"name\":\"Archive-IT \u00fcbernimmt Van Dinther - FIELDS Group\",\"isPartOf\":{\"@id\":\"http:\/\/fields.test\/#website\"},\"primaryImageOfPage\":{\"@id\":\"https:\/\/www.fields.nl\/de\/archive-it-starkt-position-durch-ubernahme-von-van-dinther-bedrijfsautomatisering\/#primaryimage\"},\"image\":{\"@id\":\"https:\/\/www.fields.nl\/de\/archive-it-starkt-position-durch-ubernahme-von-van-dinther-bedrijfsautomatisering\/#primaryimage\"},\"thumbnailUrl\":\"https:\/\/www.fields.nl\/wp-content\/uploads\/2025\/10\/istockphoto-1058262630-612x612-1.jpg\",\"datePublished\":\"2022-03-21T21:33:11+00:00\",\"dateModified\":\"2025-11-12T07:24:17+00:00\",\"author\":{\"@id\":\"http:\/\/fields.test\/#\/schema\/person\/a898f74ceb741c0a4fdf1b6d427f71b7\"},\"breadcrumb\":{\"@id\":\"https:\/\/www.fields.nl\/de\/archive-it-starkt-position-durch-ubernahme-von-van-dinther-bedrijfsautomatisering\/#breadcrumb\"},\"inLanguage\":\"de\",\"potentialAction\":[{\"@type\":\"ReadAction\",\"target\":[\"https:\/\/www.fields.nl\/de\/archive-it-starkt-position-durch-ubernahme-von-van-dinther-bedrijfsautomatisering\/\"]}]},{\"@type\":\"ImageObject\",\"inLanguage\":\"de\",\"@id\":\"https:\/\/www.fields.nl\/de\/archive-it-starkt-position-durch-ubernahme-von-van-dinther-bedrijfsautomatisering\/#primaryimage\",\"url\":\"https:\/\/www.fields.nl\/wp-content\/uploads\/2025\/10\/istockphoto-1058262630-612x612-1.jpg\",\"contentUrl\":\"https:\/\/www.fields.nl\/wp-content\/uploads\/2025\/10\/istockphoto-1058262630-612x612-1.jpg\",\"width\":612,\"height\":360},{\"@type\":\"BreadcrumbList\",\"@id\":\"https:\/\/www.fields.nl\/de\/archive-it-starkt-position-durch-ubernahme-von-van-dinther-bedrijfsautomatisering\/#breadcrumb\",\"itemListElement\":[{\"@type\":\"ListItem\",\"position\":1,\"name\":\"Home\",\"item\":\"https:\/\/www.fields.nl\/de\/\"},{\"@type\":\"ListItem\",\"position\":2,\"name\":\"Archive-IT \u00fcbernimmt Van Dinther\"}]},{\"@type\":\"WebSite\",\"@id\":\"http:\/\/fields.test\/#website\",\"url\":\"http:\/\/fields.test\/\",\"name\":\"FIELDS Group\",\"description\":\"\",\"potentialAction\":[{\"@type\":\"SearchAction\",\"target\":{\"@type\":\"EntryPoint\",\"urlTemplate\":\"http:\/\/fields.test\/?s={search_term_string}\"},\"query-input\":{\"@type\":\"PropertyValueSpecification\",\"valueRequired\":true,\"valueName\":\"search_term_string\"}}],\"inLanguage\":\"de\"},{\"@type\":\"Person\",\"@id\":\"http:\/\/fields.test\/#\/schema\/person\/a898f74ceb741c0a4fdf1b6d427f71b7\",\"name\":\"f-admin\",\"image\":{\"@type\":\"ImageObject\",\"inLanguage\":\"de\",\"@id\":\"http:\/\/fields.test\/#\/schema\/person\/image\/\",\"url\":\"https:\/\/secure.gravatar.com\/avatar\/1a92747e3c960f3a559535423668659ae491ae550cc09feb28b5cb40ed0265f8?s=96&d=mm&r=g\",\"contentUrl\":\"https:\/\/secure.gravatar.com\/avatar\/1a92747e3c960f3a559535423668659ae491ae550cc09feb28b5cb40ed0265f8?s=96&d=mm&r=g\",\"caption\":\"f-admin\"},\"sameAs\":[\"https:\/\/www.fields.nl\"],\"url\":\"https:\/\/www.fields.nl\/de\/author\/f-admin\/\"}]}<\/script>\n<!-- \/ Yoast SEO plugin. -->","yoast_head_json":{"title":"Archive-IT \u00fcbernimmt Van Dinther - FIELDS Group","robots":{"index":"index","follow":"follow","max-snippet":"max-snippet:-1","max-image-preview":"max-image-preview:large","max-video-preview":"max-video-preview:-1"},"canonical":"https:\/\/www.fields.nl\/de\/archive-it-starkt-position-durch-ubernahme-von-van-dinther-bedrijfsautomatisering\/","og_locale":"de_DE","og_type":"article","og_title":"Archive-IT \u00fcbernimmt Van Dinther - FIELDS Group","og_description":"Reuver, M\u00e4rz 2022 \u2013 Archive-IT ist stolz bekannt zu geben, dass es sich mit Van Dinther Bedrijfsautomatisering zusammenschlie\u00dfen wird. Das Software Unternehmen mit Sitz in Raamsdonksveer, mit Fokus auf den Sektor der Wohnungsbaugesellschaften, macht einen wichtigen Schritt in Richtung der Realisation des zuk\u00fcnftigen Wachstums. Archiv-IT auf WachstumskursArchive-IT ist ein wichtiger Akteur auf dem Archivierungsmarkt, sowohl [&hellip;]","og_url":"https:\/\/www.fields.nl\/de\/archive-it-starkt-position-durch-ubernahme-von-van-dinther-bedrijfsautomatisering\/","og_site_name":"FIELDS Group","article_published_time":"2022-03-21T21:33:11+00:00","article_modified_time":"2025-11-12T07:24:17+00:00","og_image":[{"width":612,"height":360,"url":"https:\/\/mijnnieuwe.website\/fields\/wp-content\/uploads\/2025\/10\/istockphoto-1058262630-612x612-1.jpg","type":"image\/jpeg"}],"author":"f-admin","twitter_card":"summary_large_image","twitter_misc":{"Verfasst von":"f-admin","Gesch\u00e4tzte Lesezeit":"3\u00a0Minuten"},"schema":{"@context":"https:\/\/schema.org","@graph":[{"@type":"WebPage","@id":"https:\/\/www.fields.nl\/de\/archive-it-starkt-position-durch-ubernahme-von-van-dinther-bedrijfsautomatisering\/","url":"https:\/\/www.fields.nl\/de\/archive-it-starkt-position-durch-ubernahme-von-van-dinther-bedrijfsautomatisering\/","name":"Archive-IT \u00fcbernimmt Van Dinther - FIELDS Group","isPartOf":{"@id":"http:\/\/fields.test\/#website"},"primaryImageOfPage":{"@id":"https:\/\/www.fields.nl\/de\/archive-it-starkt-position-durch-ubernahme-von-van-dinther-bedrijfsautomatisering\/#primaryimage"},"image":{"@id":"https:\/\/www.fields.nl\/de\/archive-it-starkt-position-durch-ubernahme-von-van-dinther-bedrijfsautomatisering\/#primaryimage"},"thumbnailUrl":"https:\/\/www.fields.nl\/wp-content\/uploads\/2025\/10\/istockphoto-1058262630-612x612-1.jpg","datePublished":"2022-03-21T21:33:11+00:00","dateModified":"2025-11-12T07:24:17+00:00","author":{"@id":"http:\/\/fields.test\/#\/schema\/person\/a898f74ceb741c0a4fdf1b6d427f71b7"},"breadcrumb":{"@id":"https:\/\/www.fields.nl\/de\/archive-it-starkt-position-durch-ubernahme-von-van-dinther-bedrijfsautomatisering\/#breadcrumb"},"inLanguage":"de","potentialAction":[{"@type":"ReadAction","target":["https:\/\/www.fields.nl\/de\/archive-it-starkt-position-durch-ubernahme-von-van-dinther-bedrijfsautomatisering\/"]}]},{"@type":"ImageObject","inLanguage":"de","@id":"https:\/\/www.fields.nl\/de\/archive-it-starkt-position-durch-ubernahme-von-van-dinther-bedrijfsautomatisering\/#primaryimage","url":"https:\/\/www.fields.nl\/wp-content\/uploads\/2025\/10\/istockphoto-1058262630-612x612-1.jpg","contentUrl":"https:\/\/www.fields.nl\/wp-content\/uploads\/2025\/10\/istockphoto-1058262630-612x612-1.jpg","width":612,"height":360},{"@type":"BreadcrumbList","@id":"https:\/\/www.fields.nl\/de\/archive-it-starkt-position-durch-ubernahme-von-van-dinther-bedrijfsautomatisering\/#breadcrumb","itemListElement":[{"@type":"ListItem","position":1,"name":"Home","item":"https:\/\/www.fields.nl\/de\/"},{"@type":"ListItem","position":2,"name":"Archive-IT \u00fcbernimmt Van Dinther"}]},{"@type":"WebSite","@id":"http:\/\/fields.test\/#website","url":"http:\/\/fields.test\/","name":"FIELDS Group","description":"","potentialAction":[{"@type":"SearchAction","target":{"@type":"EntryPoint","urlTemplate":"http:\/\/fields.test\/?s={search_term_string}"},"query-input":{"@type":"PropertyValueSpecification","valueRequired":true,"valueName":"search_term_string"}}],"inLanguage":"de"},{"@type":"Person","@id":"http:\/\/fields.test\/#\/schema\/person\/a898f74ceb741c0a4fdf1b6d427f71b7","name":"f-admin","image":{"@type":"ImageObject","inLanguage":"de","@id":"http:\/\/fields.test\/#\/schema\/person\/image\/","url":"https:\/\/secure.gravatar.com\/avatar\/1a92747e3c960f3a559535423668659ae491ae550cc09feb28b5cb40ed0265f8?s=96&d=mm&r=g","contentUrl":"https:\/\/secure.gravatar.com\/avatar\/1a92747e3c960f3a559535423668659ae491ae550cc09feb28b5cb40ed0265f8?s=96&d=mm&r=g","caption":"f-admin"},"sameAs":["https:\/\/www.fields.nl"],"url":"https:\/\/www.fields.nl\/de\/author\/f-admin\/"}]}},"_links":{"self":[{"href":"https:\/\/www.fields.nl\/de\/wp-json\/wp\/v2\/posts\/6479","targetHints":{"allow":["GET"]}}],"collection":[{"href":"https:\/\/www.fields.nl\/de\/wp-json\/wp\/v2\/posts"}],"about":[{"href":"https:\/\/www.fields.nl\/de\/wp-json\/wp\/v2\/types\/post"}],"author":[{"embeddable":true,"href":"https:\/\/www.fields.nl\/de\/wp-json\/wp\/v2\/users\/1"}],"replies":[{"embeddable":true,"href":"https:\/\/www.fields.nl\/de\/wp-json\/wp\/v2\/comments?post=6479"}],"version-history":[{"count":2,"href":"https:\/\/www.fields.nl\/de\/wp-json\/wp\/v2\/posts\/6479\/revisions"}],"predecessor-version":[{"id":8257,"href":"https:\/\/www.fields.nl\/de\/wp-json\/wp\/v2\/posts\/6479\/revisions\/8257"}],"wp:featuredmedia":[{"embeddable":true,"href":"https:\/\/www.fields.nl\/de\/wp-json\/wp\/v2\/media\/3941"}],"wp:attachment":[{"href":"https:\/\/www.fields.nl\/de\/wp-json\/wp\/v2\/media?parent=6479"}],"wp:term":[{"taxonomy":"category","embeddable":true,"href":"https:\/\/www.fields.nl\/de\/wp-json\/wp\/v2\/categories?post=6479"},{"taxonomy":"post_tag","embeddable":true,"href":"https:\/\/www.fields.nl\/de\/wp-json\/wp\/v2\/tags?post=6479"}],"curies":[{"name":"wp","href":"https:\/\/api.w.org\/{rel}","templated":true}]}}